{"id":47566,"date":"2019-05-22T13:35:25","date_gmt":"2019-05-22T16:35:25","guid":{"rendered":"http:\/\/www.portalmantena.com.br\/novo\/?p=47566"},"modified":"2019-05-22T13:37:29","modified_gmt":"2019-05-22T16:37:29","slug":"22mai-espacos-definidos-para-carros-e-motos-colabore","status":"publish","type":"post","link":"http:\/\/www.portalmantena.com.br\/novo\/?p=47566","title":{"rendered":"22MAI &#8211; Espa\u00e7os definidos para Carros e Motos, Respeite"},"content":{"rendered":"<p><strong><a href=\"http:\/\/www.portalmantena.com.br\/novo\/wp-content\/uploads\/2017\/06\/diabaner-1.jpg\"><img loading=\"lazy\" class=\"alignnone size-full wp-image-8000\" src=\"http:\/\/www.portalmantena.com.br\/novo\/wp-content\/uploads\/2017\/06\/diabaner-1.jpg\" alt=\"\" width=\"650\" height=\"100\" srcset=\"http:\/\/www.portalmantena.com.br\/novo\/wp-content\/uploads\/2017\/06\/diabaner-1.jpg 650w, http:\/\/www.portalmantena.com.br\/novo\/wp-content\/uploads\/2017\/06\/diabaner-1-300x46.jpg 300w\" sizes=\"(max-width: 650px) 100vw, 650px\" \/><\/a><\/strong><a href=\"http:\/\/www.portalmantena.com.br\/novo\/wp-content\/uploads\/2019\/05\/dia220519a.jpg\"><img loading=\"lazy\" class=\"alignnone size-full wp-image-47567\" src=\"http:\/\/www.portalmantena.com.br\/novo\/wp-content\/uploads\/2019\/05\/dia220519a.jpg\" alt=\"\" width=\"700\" height=\"450\" srcset=\"http:\/\/www.portalmantena.com.br\/novo\/wp-content\/uploads\/2019\/05\/dia220519a.jpg 700w, http:\/\/www.portalmantena.com.br\/novo\/wp-content\/uploads\/2019\/05\/dia220519a-300x193.jpg 300w, http:\/\/www.portalmantena.com.br\/novo\/wp-content\/uploads\/2019\/05\/dia220519a-696x447.jpg 696w, http:\/\/www.portalmantena.com.br\/novo\/wp-content\/uploads\/2019\/05\/dia220519a-653x420.jpg 653w\" sizes=\"(max-width: 700px) 100vw, 700px\" \/><\/a><\/p>\n<p><strong>22 de Maio<\/strong>\u00a0&#8211; Em Mantena, desde o in\u00edcio da atual administra\u00e7\u00e3o municipal, existem limita\u00e7\u00f5es para o estacionamento de carros e Motos. Um planejamento que foi feito pela secretaria de transporte e tr\u00e2nsito, no sentido de ofertar mais espa\u00e7os para estacionamentos de ve\u00edculos na \u00e1rea central da cidade.<\/p>\n<p>No entanto, o que temos visto pelas redes sociais j\u00e1 h\u00e1 algum tempo, \u00e9 a falta de respeito de alguns motoristas e motociclistas que insistem em n\u00e3o respeitar a sinaliza\u00e7\u00e3o, ocupando vagas que n\u00e3o s\u00e3o oferecidas a eles.<\/p>\n<p>Sem uma campanha educativa sendo realizada sobre este assunto, o que podemos ajudar \u00e9 solicitar que os condutores RESPEITEM\u00a0 a sinaliza\u00e7\u00e3o Horizontal, s\u00f3 estacionando dentro do espa\u00e7o reservado ao tipo de ve\u00edculo que voc\u00ea esteja conduzindo, se carro no espa\u00e7o destinado aos CARROS, e se for moto, no espa\u00e7o destinado \u00e0s MOTOS.<\/p>\n<p>Fazendo assim, todos ter\u00e3o condi\u00e7\u00f5es de transitar pelo \u00e1rea central sem encontrar situa\u00e7\u00f5es adversas como uma MOTO ocupando o lugar de um CARRO, ou vice versa. AJUDE, VAMOS FAZER NOSSA PARTE POR DIAS MELHORES.<\/p>\n<p><a href=\"http:\/\/www.portalmantena.com.br\/novo\/\"><img loading=\"lazy\" class=\"alignnone size-full wp-image-37331\" src=\"http:\/\/www.portalmantena.com.br\/novo\/wp-content\/uploads\/2018\/05\/faixaportalnoticias5.jpg\" alt=\"\" width=\"700\" height=\"40\" srcset=\"http:\/\/www.portalmantena.com.br\/novo\/wp-content\/uploads\/2018\/05\/faixaportalnoticias5.jpg 700w, http:\/\/www.portalmantena.com.br\/novo\/wp-content\/uploads\/2018\/05\/faixaportalnoticias5-300x17.jpg 300w, http:\/\/www.portalmantena.com.br\/novo\/wp-content\/uploads\/2018\/05\/faixaportalnoticias5-696x40.jpg 696w\" sizes=\"(max-width: 700px) 100vw, 700px\" \/><\/a><\/p>\n<p><span style=\"font-size: 10pt;\">ESPA\u00c7O EMPRESARIAL<\/span><a href=\"https:\/\/www.facebook.com\/academiaminasfitoficial\/\"><img loading=\"lazy\" class=\"alignnone size-full wp-image-47320\" src=\"http:\/\/www.portalmantena.com.br\/novo\/wp-content\/uploads\/2018\/05\/minasfitmm.jpg\" alt=\"\" width=\"700\" height=\"150\" srcset=\"http:\/\/www.portalmantena.com.br\/novo\/wp-content\/uploads\/2018\/05\/minasfitmm.jpg 700w, http:\/\/www.portalmantena.com.br\/novo\/wp-content\/uploads\/2018\/05\/minasfitmm-300x64.jpg 300w, http:\/\/www.portalmantena.com.br\/novo\/wp-content\/uploads\/2018\/05\/minasfitmm-696x150.jpg 696w\" sizes=\"(max-width: 700px) 100vw, 700px\" \/><\/a><\/p>\n","protected":false},"excerpt":{"rendered":"<p>22 de Maio\u00a0&#8211; Em Mantena, desde o in\u00edcio da atual administra\u00e7\u00e3o municipal, existem limita\u00e7\u00f5es para o estacionamento de carros e Motos. Um planejamento que foi feito pela secretaria de transporte e tr\u00e2nsito, no sentido de ofertar mais espa\u00e7os para estacionamentos de ve\u00edculos na \u00e1rea central da cidade. No entanto, o que temos visto pelas redes [&hellip;]<\/p>\n","protected":false},"author":1,"featured_media":47567,"comment_status":"open","ping_status":"open","sticky":false,"template":"","format":"standard","meta":[],"categories":[50],"tags":[],"_links":{"self":[{"href":"http:\/\/www.portalmantena.com.br\/novo\/index.php?rest_route=\/wp\/v2\/posts\/47566"}],"collection":[{"href":"http:\/\/www.portalmantena.com.br\/novo\/index.php?rest_route=\/wp\/v2\/posts"}],"about":[{"href":"http:\/\/www.portalmantena.com.br\/novo\/index.php?rest_route=\/wp\/v2\/types\/post"}],"author":[{"embeddable":true,"href":"http:\/\/www.portalmantena.com.br\/novo\/index.php?rest_route=\/wp\/v2\/users\/1"}],"replies":[{"embeddable":true,"href":"http:\/\/www.portalmantena.com.br\/novo\/index.php?rest_route=%2Fwp%2Fv2%2Fcomments&post=47566"}],"version-history":[{"count":2,"href":"http:\/\/www.portalmantena.com.br\/novo\/index.php?rest_route=\/wp\/v2\/posts\/47566\/revisions"}],"predecessor-version":[{"id":47569,"href":"http:\/\/www.portalmantena.com.br\/novo\/index.php?rest_route=\/wp\/v2\/posts\/47566\/revisions\/47569"}],"wp:featuredmedia":[{"embeddable":true,"href":"http:\/\/www.portalmantena.com.br\/novo\/index.php?rest_route=\/wp\/v2\/media\/47567"}],"wp:attachment":[{"href":"http:\/\/www.portalmantena.com.br\/novo\/index.php?rest_route=%2Fwp%2Fv2%2Fmedia&parent=47566"}],"wp:term":[{"taxonomy":"category","embeddable":true,"href":"http:\/\/www.portalmantena.com.br\/novo\/index.php?rest_route=%2Fwp%2Fv2%2Fcategories&post=47566"},{"taxonomy":"post_tag","embeddable":true,"href":"http:\/\/www.portalmantena.com.br\/novo\/index.php?rest_route=%2Fwp%2Fv2%2Ftags&post=47566"}],"curies":[{"name":"wp","href":"https:\/\/api.w.org\/{rel}","templated":true}]}}