{"id":47310,"date":"2019-05-20T14:25:41","date_gmt":"2019-05-20T17:25:41","guid":{"rendered":"http:\/\/www.portalmantena.com.br\/novo\/?p=47310"},"modified":"2019-05-20T14:25:41","modified_gmt":"2019-05-20T17:25:41","slug":"pm-apreende-arma-dinheiro-e-drogas-em-sao-francisco","status":"publish","type":"post","link":"http:\/\/www.portalmantena.com.br\/novo\/?p=47310","title":{"rendered":"PM apreende arma, dinheiro e drogas em S\u00e3o Francisco"},"content":{"rendered":"<p><a href=\"http:\/\/www.portalmantena.com.br\/novo\/wp-content\/uploads\/2019\/05\/no200519bsf1.jpg\"><img loading=\"lazy\" class=\"alignnone size-full wp-image-47311\" src=\"http:\/\/www.portalmantena.com.br\/novo\/wp-content\/uploads\/2019\/05\/no200519bsf1.jpg\" alt=\"\" width=\"700\" height=\"450\" srcset=\"http:\/\/www.portalmantena.com.br\/novo\/wp-content\/uploads\/2019\/05\/no200519bsf1.jpg 700w, http:\/\/www.portalmantena.com.br\/novo\/wp-content\/uploads\/2019\/05\/no200519bsf1-300x193.jpg 300w, http:\/\/www.portalmantena.com.br\/novo\/wp-content\/uploads\/2019\/05\/no200519bsf1-696x447.jpg 696w, http:\/\/www.portalmantena.com.br\/novo\/wp-content\/uploads\/2019\/05\/no200519bsf1-653x420.jpg 653w\" sizes=\"(max-width: 700px) 100vw, 700px\" \/><\/a><\/p>\n<p><span style=\"font-size: 14pt;\">A Pol\u00edcia Militar realizou uma Opera\u00e7\u00e3o Policial na manh\u00e3 de quinta-feira (16) no bairro Colina, em Barra de S\u00e3o Francisco, onde cinco mandados de busca e apreens\u00e3o foram cumpridos.\u00a0<\/span><\/p>\n<p><span style=\"font-size: 14pt;\">Na opera\u00e7\u00e3o foram apreendidos um rev\u00f3lver calibre 32, 14 muni\u00e7\u00f5es calibre\u00a032 intactas, um coldre, 32 pedras de crack, uma pedra de crack de aproximadamente 10 gramas, correspondendo a 50 pedras quando fracionada, duas buchas de maconha, uma touca ninja, uma caixa de l\u00e2mina de gilete utilizada para o preparo do entorpecente, sete p\u00e1ssaros sem registro, sacolas usadas para embalo de entorpecentes e R$ 354,00 em esp\u00e9cie. <\/span><\/p>\n<p><span style=\"font-size: 14pt;\">Dois indiv\u00edduos foram detidos e encaminhados juntamente com o material apreendido ao plant\u00e3o policial. <\/span><\/p>\n<p><span style=\"font-size: 14pt;\">Os mesmos s\u00e3o suspeitos dos \u00faltimos homic\u00eddios e tentativas de homic\u00eddios ocorridos no munic\u00edpio e de participarem do tr\u00e1fico de entorpecentes, furtos e roubos na cidade. (fonte\/foto:PM).<\/span><\/p>\n<p><a href=\"http:\/\/www.portalmantena.com.br\/novo\/wp-content\/uploads\/2019\/05\/no200519bsf2.jpg\"><img loading=\"lazy\" class=\"alignnone size-full wp-image-47312\" src=\"http:\/\/www.portalmantena.com.br\/novo\/wp-content\/uploads\/2019\/05\/no200519bsf2.jpg\" alt=\"\" width=\"700\" height=\"450\" srcset=\"http:\/\/www.portalmantena.com.br\/novo\/wp-content\/uploads\/2019\/05\/no200519bsf2.jpg 700w, http:\/\/www.portalmantena.com.br\/novo\/wp-content\/uploads\/2019\/05\/no200519bsf2-300x193.jpg 300w, http:\/\/www.portalmantena.com.br\/novo\/wp-content\/uploads\/2019\/05\/no200519bsf2-696x447.jpg 696w, http:\/\/www.portalmantena.com.br\/novo\/wp-content\/uploads\/2019\/05\/no200519bsf2-653x420.jpg 653w\" sizes=\"(max-width: 700px) 100vw, 700px\" \/><\/a><a href=\"http:\/\/www.portalmantena.com.br\/novo\/\"><img loading=\"lazy\" class=\"alignnone size-full wp-image-37331\" src=\"http:\/\/www.portalmantena.com.br\/novo\/wp-content\/uploads\/2018\/05\/faixaportalnoticias5.jpg\" alt=\"\" width=\"700\" height=\"40\" srcset=\"http:\/\/www.portalmantena.com.br\/novo\/wp-content\/uploads\/2018\/05\/faixaportalnoticias5.jpg 700w, http:\/\/www.portalmantena.com.br\/novo\/wp-content\/uploads\/2018\/05\/faixaportalnoticias5-300x17.jpg 300w, http:\/\/www.portalmantena.com.br\/novo\/wp-content\/uploads\/2018\/05\/faixaportalnoticias5-696x40.jpg 696w\" sizes=\"(max-width: 700px) 100vw, 700px\" \/><\/a><\/p>\n<p><span style=\"font-size: 10pt;\">ESPA\u00c7O EMPRESARIAL<\/span><img src=\"http:\/\/www.portalmantena.com.br\/novo\/wp-content\/uploads\/2018\/07\/donaolga270718-1.jpg\" \/><\/p>\n","protected":false},"excerpt":{"rendered":"<p>A Pol\u00edcia Militar realizou uma Opera\u00e7\u00e3o Policial na manh\u00e3 de quinta-feira (16) no bairro Colina, em Barra de S\u00e3o Francisco, onde cinco mandados de busca e apreens\u00e3o foram cumpridos.\u00a0 Na opera\u00e7\u00e3o foram apreendidos um rev\u00f3lver calibre 32, 14 muni\u00e7\u00f5es calibre\u00a032 intactas, um coldre, 32 pedras de crack, uma pedra de crack de aproximadamente 10 gramas, [&hellip;]<\/p>\n","protected":false},"author":1,"featured_media":47311,"comment_status":"open","ping_status":"open","sticky":false,"template":"","format":"standard","meta":[],"categories":[11,34],"tags":[],"_links":{"self":[{"href":"http:\/\/www.portalmantena.com.br\/novo\/index.php?rest_route=\/wp\/v2\/posts\/47310"}],"collection":[{"href":"http:\/\/www.portalmantena.com.br\/novo\/index.php?rest_route=\/wp\/v2\/posts"}],"about":[{"href":"http:\/\/www.portalmantena.com.br\/novo\/index.php?rest_route=\/wp\/v2\/types\/post"}],"author":[{"embeddable":true,"href":"http:\/\/www.portalmantena.com.br\/novo\/index.php?rest_route=\/wp\/v2\/users\/1"}],"replies":[{"embeddable":true,"href":"http:\/\/www.portalmantena.com.br\/novo\/index.php?rest_route=%2Fwp%2Fv2%2Fcomments&post=47310"}],"version-history":[{"count":1,"href":"http:\/\/www.portalmantena.com.br\/novo\/index.php?rest_route=\/wp\/v2\/posts\/47310\/revisions"}],"predecessor-version":[{"id":47313,"href":"http:\/\/www.portalmantena.com.br\/novo\/index.php?rest_route=\/wp\/v2\/posts\/47310\/revisions\/47313"}],"wp:featuredmedia":[{"embeddable":true,"href":"http:\/\/www.portalmantena.com.br\/novo\/index.php?rest_route=\/wp\/v2\/media\/47311"}],"wp:attachment":[{"href":"http:\/\/www.portalmantena.com.br\/novo\/index.php?rest_route=%2Fwp%2Fv2%2Fmedia&parent=47310"}],"wp:term":[{"taxonomy":"category","embeddable":true,"href":"http:\/\/www.portalmantena.com.br\/novo\/index.php?rest_route=%2Fwp%2Fv2%2Fcategories&post=47310"},{"taxonomy":"post_tag","embeddable":true,"href":"http:\/\/www.portalmantena.com.br\/novo\/index.php?rest_route=%2Fwp%2Fv2%2Ftags&post=47310"}],"curies":[{"name":"wp","href":"https:\/\/api.w.org\/{rel}","templated":true}]}}