{"id":47307,"date":"2019-05-22T04:14:33","date_gmt":"2019-05-22T07:14:33","guid":{"rendered":"http:\/\/www.portalmantena.com.br\/novo\/?p=47307"},"modified":"2019-05-20T14:19:21","modified_gmt":"2019-05-20T17:19:21","slug":"moto-roubada-e-recupera-pela-pm-na-regiao","status":"publish","type":"post","link":"http:\/\/www.portalmantena.com.br\/novo\/?p=47307","title":{"rendered":"Moto roubada \u00e9 recupera pela PM na regi\u00e3o"},"content":{"rendered":"<p><a href=\"http:\/\/www.portalmantena.com.br\/novo\/wp-content\/uploads\/2019\/05\/no200519moto.jpg\"><img loading=\"lazy\" class=\"alignnone size-full wp-image-47308\" src=\"http:\/\/www.portalmantena.com.br\/novo\/wp-content\/uploads\/2019\/05\/no200519moto.jpg\" alt=\"\" width=\"700\" height=\"450\" srcset=\"http:\/\/www.portalmantena.com.br\/novo\/wp-content\/uploads\/2019\/05\/no200519moto.jpg 700w, http:\/\/www.portalmantena.com.br\/novo\/wp-content\/uploads\/2019\/05\/no200519moto-300x193.jpg 300w, http:\/\/www.portalmantena.com.br\/novo\/wp-content\/uploads\/2019\/05\/no200519moto-696x447.jpg 696w, http:\/\/www.portalmantena.com.br\/novo\/wp-content\/uploads\/2019\/05\/no200519moto-653x420.jpg 653w\" sizes=\"(max-width: 700px) 100vw, 700px\" \/><\/a><\/p>\n<p><span style=\"font-size: 14pt;\">Na manh\u00e3 da \u00faltima quarta-feira (15), policiais militares do Servi\u00e7o Reservado do 2\u00ba Batalh\u00e3o detiveram um homem de 34 anos e com ele apreenderam uma motocicleta Honda CG, cor preta, com restri\u00e7\u00e3o de furto\/roubo. <\/span><\/p>\n<p><span style=\"font-size: 14pt;\">A apreens\u00e3o ocorreu por volta das 11 horas na zona rural do munic\u00edpio de Nova Ven\u00e9cia. No local, a equipe policial encontrou o ve\u00edculo com um homem de 34 anos. Indagado sobre ve\u00edculo, ele informou ter adquirido do seu irm\u00e3o pelo valor de R$ 1.200,00. <\/span><\/p>\n<p><span style=\"font-size: 14pt;\">Em consulta ao banco de dados do Detran, foi constatado que a placa da moto estava adulterada e que o ve\u00edculo possu\u00eda restri\u00e7\u00e3o de furto\/roubo. <\/span><\/p>\n<p><span style=\"font-size: 14pt;\">Segundo o comandante da 1\u00aa Companhia do 2\u00ba Batalh\u00e3o, capit\u00e3o Renzo Caser, a motocicleta havia sido furtada no m\u00eas de agosto de 2018 no munic\u00edpio. O homem detido e o ve\u00edculo apreendido foram encaminhados ao departamento policial de Nova Ven\u00e9cia. (fonte\/foto:PM).<\/span><\/p>\n<p><a href=\"http:\/\/www.portalmantena.com.br\/novo\/\"><img loading=\"lazy\" class=\"alignnone size-full wp-image-37331\" src=\"http:\/\/www.portalmantena.com.br\/novo\/wp-content\/uploads\/2018\/05\/faixaportalnoticias5.jpg\" alt=\"\" width=\"700\" height=\"40\" srcset=\"http:\/\/www.portalmantena.com.br\/novo\/wp-content\/uploads\/2018\/05\/faixaportalnoticias5.jpg 700w, http:\/\/www.portalmantena.com.br\/novo\/wp-content\/uploads\/2018\/05\/faixaportalnoticias5-300x17.jpg 300w, http:\/\/www.portalmantena.com.br\/novo\/wp-content\/uploads\/2018\/05\/faixaportalnoticias5-696x40.jpg 696w\" sizes=\"(max-width: 700px) 100vw, 700px\" \/><\/a><\/p>\n<p><span style=\"font-size: 10pt;\">ESPA\u00c7O EMPRESARIAL<\/span><a href=\"http:\/\/www.brsite.com.br\/\"><img loading=\"lazy\" class=\"alignnone size-full wp-image-43333\" src=\"http:\/\/www.portalmantena.com.br\/novo\/wp-content\/uploads\/2018\/05\/brsitebanner.jpg\" alt=\"\" width=\"700\" height=\"150\" srcset=\"http:\/\/www.portalmantena.com.br\/novo\/wp-content\/uploads\/2018\/05\/brsitebanner.jpg 700w, http:\/\/www.portalmantena.com.br\/novo\/wp-content\/uploads\/2018\/05\/brsitebanner-300x64.jpg 300w, http:\/\/www.portalmantena.com.br\/novo\/wp-content\/uploads\/2018\/05\/brsitebanner-696x150.jpg 696w\" sizes=\"(max-width: 700px) 100vw, 700px\" \/><\/a><\/p>\n","protected":false},"excerpt":{"rendered":"<p>Na manh\u00e3 da \u00faltima quarta-feira (15), policiais militares do Servi\u00e7o Reservado do 2\u00ba Batalh\u00e3o detiveram um homem de 34 anos e com ele apreenderam uma motocicleta Honda CG, cor preta, com restri\u00e7\u00e3o de furto\/roubo. A apreens\u00e3o ocorreu por volta das 11 horas na zona rural do munic\u00edpio de Nova Ven\u00e9cia. No local, a equipe policial [&hellip;]<\/p>\n","protected":false},"author":1,"featured_media":47308,"comment_status":"open","ping_status":"open","sticky":false,"template":"","format":"standard","meta":[],"categories":[11,34],"tags":[],"_links":{"self":[{"href":"http:\/\/www.portalmantena.com.br\/novo\/index.php?rest_route=\/wp\/v2\/posts\/47307"}],"collection":[{"href":"http:\/\/www.portalmantena.com.br\/novo\/index.php?rest_route=\/wp\/v2\/posts"}],"about":[{"href":"http:\/\/www.portalmantena.com.br\/novo\/index.php?rest_route=\/wp\/v2\/types\/post"}],"author":[{"embeddable":true,"href":"http:\/\/www.portalmantena.com.br\/novo\/index.php?rest_route=\/wp\/v2\/users\/1"}],"replies":[{"embeddable":true,"href":"http:\/\/www.portalmantena.com.br\/novo\/index.php?rest_route=%2Fwp%2Fv2%2Fcomments&post=47307"}],"version-history":[{"count":1,"href":"http:\/\/www.portalmantena.com.br\/novo\/index.php?rest_route=\/wp\/v2\/posts\/47307\/revisions"}],"predecessor-version":[{"id":47309,"href":"http:\/\/www.portalmantena.com.br\/novo\/index.php?rest_route=\/wp\/v2\/posts\/47307\/revisions\/47309"}],"wp:featuredmedia":[{"embeddable":true,"href":"http:\/\/www.portalmantena.com.br\/novo\/index.php?rest_route=\/wp\/v2\/media\/47308"}],"wp:attachment":[{"href":"http:\/\/www.portalmantena.com.br\/novo\/index.php?rest_route=%2Fwp%2Fv2%2Fmedia&parent=47307"}],"wp:term":[{"taxonomy":"category","embeddable":true,"href":"http:\/\/www.portalmantena.com.br\/novo\/index.php?rest_route=%2Fwp%2Fv2%2Fcategories&post=47307"},{"taxonomy":"post_tag","embeddable":true,"href":"http:\/\/www.portalmantena.com.br\/novo\/index.php?rest_route=%2Fwp%2Fv2%2Ftags&post=47307"}],"curies":[{"name":"wp","href":"https:\/\/api.w.org\/{rel}","templated":true}]}}