{"id":47268,"date":"2019-05-20T10:08:29","date_gmt":"2019-05-20T13:08:29","guid":{"rendered":"http:\/\/www.portalmantena.com.br\/novo\/?p=47268"},"modified":"2019-05-20T10:08:29","modified_gmt":"2019-05-20T13:08:29","slug":"pe-quente-santiago-e-filhos-festejam-vitoria-do-galo","status":"publish","type":"post","link":"http:\/\/www.portalmantena.com.br\/novo\/?p=47268","title":{"rendered":"P\u00e9 quente, Santiago e filhos festejam vit\u00f3ria do Galo"},"content":{"rendered":"<p><a href=\"http:\/\/www.portalmantena.com.br\/novo\/wp-content\/uploads\/2019\/05\/vi200519santiago.jpg\"><img loading=\"lazy\" class=\"alignnone size-full wp-image-47269\" src=\"http:\/\/www.portalmantena.com.br\/novo\/wp-content\/uploads\/2019\/05\/vi200519santiago.jpg\" alt=\"\" width=\"700\" height=\"450\" srcset=\"http:\/\/www.portalmantena.com.br\/novo\/wp-content\/uploads\/2019\/05\/vi200519santiago.jpg 700w, http:\/\/www.portalmantena.com.br\/novo\/wp-content\/uploads\/2019\/05\/vi200519santiago-300x193.jpg 300w, http:\/\/www.portalmantena.com.br\/novo\/wp-content\/uploads\/2019\/05\/vi200519santiago-696x447.jpg 696w, http:\/\/www.portalmantena.com.br\/novo\/wp-content\/uploads\/2019\/05\/vi200519santiago-653x420.jpg 653w\" sizes=\"(max-width: 700px) 100vw, 700px\" \/><\/a><\/p>\n<p><span style=\"font-size: 14pt;\">O nosso amigo, o mantenense e atleticano, Santiago Sgr\u00e2ncio (Dentista), na companhia dos filhos curtindo de perto e comemorando a vit\u00f3ria do Atl\u00e9tico Mineiro (seu clube do cora\u00e7\u00e3o), diante do Flamengo na noite deste s\u00e1bado dia 18 de Maio, em jogo v\u00e1lido pelo Brasileir\u00e3o 2019.<\/span><\/p>\n<p><span style=\"font-size: 14pt;\"> O jogo teve o placar final de 2 x 1, e aconteceu no est\u00e1dio do Independ\u00eancia em Belo Horizonte, onde a vibra\u00e7\u00e3o da torcida \u00e9 mesmo diferente e empolgante, ainda mais em um jogo onde o galo encarou um arqui rival e com um jogador a menos. <\/span><\/p>\n<p><span style=\"font-size: 14pt;\">P\u00e9 quente o nosso amigo Santiago, na companhia dos pequenos atleticanos.\u00a0<\/span><\/p>\n<p><a href=\"http:\/\/www.portalmantena.com.br\/novo\/\"><img loading=\"lazy\" class=\"alignnone size-full wp-image-37296\" src=\"http:\/\/www.portalmantena.com.br\/novo\/wp-content\/uploads\/2018\/05\/faixavitrine2.jpg\" alt=\"\" width=\"700\" height=\"40\" srcset=\"http:\/\/www.portalmantena.com.br\/novo\/wp-content\/uploads\/2018\/05\/faixavitrine2.jpg 700w, http:\/\/www.portalmantena.com.br\/novo\/wp-content\/uploads\/2018\/05\/faixavitrine2-300x17.jpg 300w, http:\/\/www.portalmantena.com.br\/novo\/wp-content\/uploads\/2018\/05\/faixavitrine2-696x40.jpg 696w\" sizes=\"(max-width: 700px) 100vw, 700px\" \/><\/a><\/p>\n<p><span style=\"font-size: 10pt;\">ESPA\u00c7O EMPRESARIAL<\/span><a href=\"http:\/\/www.portalmantena.com.br\/novo\/?p=39480\"><img loading=\"lazy\" class=\"alignnone size-full wp-image-39486\" src=\"http:\/\/www.portalmantena.com.br\/novo\/wp-content\/uploads\/2018\/05\/honca301018faixa.jpg\" alt=\"\" width=\"700\" height=\"150\" srcset=\"http:\/\/www.portalmantena.com.br\/novo\/wp-content\/uploads\/2018\/05\/honca301018faixa.jpg 700w, http:\/\/www.portalmantena.com.br\/novo\/wp-content\/uploads\/2018\/05\/honca301018faixa-300x64.jpg 300w, http:\/\/www.portalmantena.com.br\/novo\/wp-content\/uploads\/2018\/05\/honca301018faixa-696x150.jpg 696w\" sizes=\"(max-width: 700px) 100vw, 700px\" \/><\/a><\/p>\n","protected":false},"excerpt":{"rendered":"<p>O nosso amigo, o mantenense e atleticano, Santiago Sgr\u00e2ncio (Dentista), na companhia dos filhos curtindo de perto e comemorando a vit\u00f3ria do Atl\u00e9tico Mineiro (seu clube do cora\u00e7\u00e3o), diante do Flamengo na noite deste s\u00e1bado dia 18 de Maio, em jogo v\u00e1lido pelo Brasileir\u00e3o 2019. O jogo teve o placar final de 2 x 1, [&hellip;]<\/p>\n","protected":false},"author":1,"featured_media":47269,"comment_status":"open","ping_status":"open","sticky":false,"template":"","format":"standard","meta":[],"categories":[7],"tags":[],"_links":{"self":[{"href":"http:\/\/www.portalmantena.com.br\/novo\/index.php?rest_route=\/wp\/v2\/posts\/47268"}],"collection":[{"href":"http:\/\/www.portalmantena.com.br\/novo\/index.php?rest_route=\/wp\/v2\/posts"}],"about":[{"href":"http:\/\/www.portalmantena.com.br\/novo\/index.php?rest_route=\/wp\/v2\/types\/post"}],"author":[{"embeddable":true,"href":"http:\/\/www.portalmantena.com.br\/novo\/index.php?rest_route=\/wp\/v2\/users\/1"}],"replies":[{"embeddable":true,"href":"http:\/\/www.portalmantena.com.br\/novo\/index.php?rest_route=%2Fwp%2Fv2%2Fcomments&post=47268"}],"version-history":[{"count":1,"href":"http:\/\/www.portalmantena.com.br\/novo\/index.php?rest_route=\/wp\/v2\/posts\/47268\/revisions"}],"predecessor-version":[{"id":47270,"href":"http:\/\/www.portalmantena.com.br\/novo\/index.php?rest_route=\/wp\/v2\/posts\/47268\/revisions\/47270"}],"wp:featuredmedia":[{"embeddable":true,"href":"http:\/\/www.portalmantena.com.br\/novo\/index.php?rest_route=\/wp\/v2\/media\/47269"}],"wp:attachment":[{"href":"http:\/\/www.portalmantena.com.br\/novo\/index.php?rest_route=%2Fwp%2Fv2%2Fmedia&parent=47268"}],"wp:term":[{"taxonomy":"category","embeddable":true,"href":"http:\/\/www.portalmantena.com.br\/novo\/index.php?rest_route=%2Fwp%2Fv2%2Fcategories&post=47268"},{"taxonomy":"post_tag","embeddable":true,"href":"http:\/\/www.portalmantena.com.br\/novo\/index.php?rest_route=%2Fwp%2Fv2%2Ftags&post=47268"}],"curies":[{"name":"wp","href":"https:\/\/api.w.org\/{rel}","templated":true}]}}