{"id":47249,"date":"2019-05-20T08:30:07","date_gmt":"2019-05-20T11:30:07","guid":{"rendered":"http:\/\/www.portalmantena.com.br\/novo\/?p=47249"},"modified":"2019-05-20T08:31:44","modified_gmt":"2019-05-20T11:31:44","slug":"projeto-social-e-lancado-por-associacoes-em-nova-belem","status":"publish","type":"post","link":"http:\/\/www.portalmantena.com.br\/novo\/?p=47249","title":{"rendered":"Projeto Social \u00e9 lan\u00e7ado por Associa\u00e7\u00e3o em Nova Bel\u00e9m"},"content":{"rendered":"<p><a href=\"http:\/\/www.portalmantena.com.br\/novo\/wp-content\/uploads\/2019\/05\/no200519nbe1.jpg\"><img loading=\"lazy\" class=\"alignnone size-full wp-image-47250\" src=\"http:\/\/www.portalmantena.com.br\/novo\/wp-content\/uploads\/2019\/05\/no200519nbe1.jpg\" alt=\"\" width=\"700\" height=\"450\" srcset=\"http:\/\/www.portalmantena.com.br\/novo\/wp-content\/uploads\/2019\/05\/no200519nbe1.jpg 700w, http:\/\/www.portalmantena.com.br\/novo\/wp-content\/uploads\/2019\/05\/no200519nbe1-300x193.jpg 300w, http:\/\/www.portalmantena.com.br\/novo\/wp-content\/uploads\/2019\/05\/no200519nbe1-696x447.jpg 696w, http:\/\/www.portalmantena.com.br\/novo\/wp-content\/uploads\/2019\/05\/no200519nbe1-653x420.jpg 653w\" sizes=\"(max-width: 700px) 100vw, 700px\" \/><\/a><span style=\"font-size: 10pt;\">Fotos:Elias Rodrigues<\/span><\/p>\n<p><span style=\"font-size: 14pt;\">A Associa\u00e7\u00e3o dos Moradores e Pequenos Produtores Rurais de C\u00f3rrego \u00c1guas Claras Rio Pretinho e Pitengo, lan\u00e7ou na noite da \u00faltima sexta-feira 17 de maio, em Nova Bel\u00e9m, tr\u00eas oficinas sendo elas de Instrumentos Musicais, Aula de Refor\u00e7o e Cidadania e Artesanatos. <\/span><\/p>\n<p><span style=\"font-size: 14pt;\">As aulas de Viol\u00e3o ter\u00e3o in\u00edcio imediato, acontecer\u00e1 uma vez por semana, com dois grupos de 10 pessoas cada, houve tr\u00eas inscritos para aulas de bateria, por\u00e9m no momento n\u00e3o foi formado grupo. A cada seis meses ser\u00e1 realizado um sarau oportunidade onde os alunos executa o que aprendeu. <\/span><\/p>\n<p><span style=\"font-size: 14pt;\">A sala onde ocorrer\u00e1 a oficina de viol\u00e3o fica abaixo do palco onde v\u00e1rias atra\u00e7\u00f5es nacionais se apresentaram. Descontra\u00eddos, brincou o presidente da Associa\u00e7\u00e3o dizendo aos alunos \u201cvoc\u00eas v\u00e3o apresentar no mesmo palco que esteve Eduardo Costa, Amado Batista entre outros\u201d.\u00a0 <\/span><\/p>\n<p><span style=\"font-size: 14pt;\">Para os interessados em artesanatos e aulas de Refor\u00e7o podem procurar o presidente da Associa\u00e7\u00e3o nos dias 21 e 22 de maio no hor\u00e1rio de 08:30 as 12h na Rua Prefeito Joel Garcia, \u00e1rea de Eventos, no Bairro Morada Feliz. (com informa\u00e7\u00f5es e fotos:Elias Rodrigues)<\/span><\/p>\n<p><a href=\"http:\/\/www.portalmantena.com.br\/novo\/wp-content\/uploads\/2019\/05\/no200519nbe2.jpg\"><img loading=\"lazy\" class=\"alignnone size-full wp-image-47251\" src=\"http:\/\/www.portalmantena.com.br\/novo\/wp-content\/uploads\/2019\/05\/no200519nbe2.jpg\" alt=\"\" width=\"700\" height=\"450\" srcset=\"http:\/\/www.portalmantena.com.br\/novo\/wp-content\/uploads\/2019\/05\/no200519nbe2.jpg 700w, http:\/\/www.portalmantena.com.br\/novo\/wp-content\/uploads\/2019\/05\/no200519nbe2-300x193.jpg 300w, http:\/\/www.portalmantena.com.br\/novo\/wp-content\/uploads\/2019\/05\/no200519nbe2-696x447.jpg 696w, http:\/\/www.portalmantena.com.br\/novo\/wp-content\/uploads\/2019\/05\/no200519nbe2-653x420.jpg 653w\" sizes=\"(max-width: 700px) 100vw, 700px\" \/><\/a> <a href=\"http:\/\/www.portalmantena.com.br\/novo\/wp-content\/uploads\/2019\/05\/no200519nbe3.jpg\"><img loading=\"lazy\" class=\"alignnone size-full wp-image-47252\" src=\"http:\/\/www.portalmantena.com.br\/novo\/wp-content\/uploads\/2019\/05\/no200519nbe3.jpg\" alt=\"\" width=\"700\" height=\"450\" srcset=\"http:\/\/www.portalmantena.com.br\/novo\/wp-content\/uploads\/2019\/05\/no200519nbe3.jpg 700w, http:\/\/www.portalmantena.com.br\/novo\/wp-content\/uploads\/2019\/05\/no200519nbe3-300x193.jpg 300w, http:\/\/www.portalmantena.com.br\/novo\/wp-content\/uploads\/2019\/05\/no200519nbe3-696x447.jpg 696w, http:\/\/www.portalmantena.com.br\/novo\/wp-content\/uploads\/2019\/05\/no200519nbe3-653x420.jpg 653w\" sizes=\"(max-width: 700px) 100vw, 700px\" \/><\/a><a href=\"http:\/\/www.portalmantena.com.br\/novo\/\"><img loading=\"lazy\" class=\"alignnone size-full wp-image-37331\" src=\"http:\/\/www.portalmantena.com.br\/novo\/wp-content\/uploads\/2018\/05\/faixaportalnoticias5.jpg\" alt=\"\" width=\"700\" height=\"40\" srcset=\"http:\/\/www.portalmantena.com.br\/novo\/wp-content\/uploads\/2018\/05\/faixaportalnoticias5.jpg 700w, http:\/\/www.portalmantena.com.br\/novo\/wp-content\/uploads\/2018\/05\/faixaportalnoticias5-300x17.jpg 300w, http:\/\/www.portalmantena.com.br\/novo\/wp-content\/uploads\/2018\/05\/faixaportalnoticias5-696x40.jpg 696w\" sizes=\"(max-width: 700px) 100vw, 700px\" \/><\/a><\/p>\n<p><span style=\"font-size: 10pt;\">ESPA\u00c7O EMPRESARIAL<\/span><a href=\"https:\/\/www.facebook.com\/redevalente\/\"><img loading=\"lazy\" class=\"alignnone size-full wp-image-29188\" src=\"http:\/\/www.portalmantena.com.br\/novo\/wp-content\/uploads\/2018\/05\/valentefaixa.jpg\" alt=\"\" width=\"700\" height=\"150\" srcset=\"http:\/\/www.portalmantena.com.br\/novo\/wp-content\/uploads\/2018\/05\/valentefaixa.jpg 700w, http:\/\/www.portalmantena.com.br\/novo\/wp-content\/uploads\/2018\/05\/valentefaixa-300x64.jpg 300w, http:\/\/www.portalmantena.com.br\/novo\/wp-content\/uploads\/2018\/05\/valentefaixa-696x150.jpg 696w\" sizes=\"(max-width: 700px) 100vw, 700px\" \/><\/a><\/p>\n","protected":false},"excerpt":{"rendered":"<p>Fotos:Elias Rodrigues A Associa\u00e7\u00e3o dos Moradores e Pequenos Produtores Rurais de C\u00f3rrego \u00c1guas Claras Rio Pretinho e Pitengo, lan\u00e7ou na noite da \u00faltima sexta-feira 17 de maio, em Nova Bel\u00e9m, tr\u00eas oficinas sendo elas de Instrumentos Musicais, Aula de Refor\u00e7o e Cidadania e Artesanatos. As aulas de Viol\u00e3o ter\u00e3o in\u00edcio imediato, acontecer\u00e1 uma vez por [&hellip;]<\/p>\n","protected":false},"author":1,"featured_media":47250,"comment_status":"open","ping_status":"open","sticky":false,"template":"","format":"standard","meta":[],"categories":[12,39],"tags":[],"_links":{"self":[{"href":"http:\/\/www.portalmantena.com.br\/novo\/index.php?rest_route=\/wp\/v2\/posts\/47249"}],"collection":[{"href":"http:\/\/www.portalmantena.com.br\/novo\/index.php?rest_route=\/wp\/v2\/posts"}],"about":[{"href":"http:\/\/www.portalmantena.com.br\/novo\/index.php?rest_route=\/wp\/v2\/types\/post"}],"author":[{"embeddable":true,"href":"http:\/\/www.portalmantena.com.br\/novo\/index.php?rest_route=\/wp\/v2\/users\/1"}],"replies":[{"embeddable":true,"href":"http:\/\/www.portalmantena.com.br\/novo\/index.php?rest_route=%2Fwp%2Fv2%2Fcomments&post=47249"}],"version-history":[{"count":3,"href":"http:\/\/www.portalmantena.com.br\/novo\/index.php?rest_route=\/wp\/v2\/posts\/47249\/revisions"}],"predecessor-version":[{"id":47255,"href":"http:\/\/www.portalmantena.com.br\/novo\/index.php?rest_route=\/wp\/v2\/posts\/47249\/revisions\/47255"}],"wp:featuredmedia":[{"embeddable":true,"href":"http:\/\/www.portalmantena.com.br\/novo\/index.php?rest_route=\/wp\/v2\/media\/47250"}],"wp:attachment":[{"href":"http:\/\/www.portalmantena.com.br\/novo\/index.php?rest_route=%2Fwp%2Fv2%2Fmedia&parent=47249"}],"wp:term":[{"taxonomy":"category","embeddable":true,"href":"http:\/\/www.portalmantena.com.br\/novo\/index.php?rest_route=%2Fwp%2Fv2%2Fcategories&post=47249"},{"taxonomy":"post_tag","embeddable":true,"href":"http:\/\/www.portalmantena.com.br\/novo\/index.php?rest_route=%2Fwp%2Fv2%2Ftags&post=47249"}],"curies":[{"name":"wp","href":"https:\/\/api.w.org\/{rel}","templated":true}]}}