{"id":4702,"date":"2017-04-17T11:43:57","date_gmt":"2017-04-17T14:43:57","guid":{"rendered":"http:\/\/www.portalmantena.com.br\/novo\/?p=4702"},"modified":"2017-04-17T09:44:45","modified_gmt":"2017-04-17T12:44:45","slug":"catolicos-celebraram-a-semana-santa-com-missas-e-procissoes-em-mantena","status":"publish","type":"post","link":"http:\/\/www.portalmantena.com.br\/novo\/?p=4702","title":{"rendered":"Cat\u00f3licos celebraram a Semana Santa com missas e prociss\u00f5es em Mantena"},"content":{"rendered":"<p><a href=\"http:\/\/www.portalmantena.com.br\/novo\/wp-content\/uploads\/2017\/04\/no170417igreja1.jpg\"><img loading=\"lazy\" class=\"alignnone size-full wp-image-4703\" src=\"http:\/\/www.portalmantena.com.br\/novo\/wp-content\/uploads\/2017\/04\/no170417igreja1.jpg\" alt=\"\" width=\"700\" height=\"450\" srcset=\"http:\/\/www.portalmantena.com.br\/novo\/wp-content\/uploads\/2017\/04\/no170417igreja1.jpg 700w, http:\/\/www.portalmantena.com.br\/novo\/wp-content\/uploads\/2017\/04\/no170417igreja1-300x193.jpg 300w, http:\/\/www.portalmantena.com.br\/novo\/wp-content\/uploads\/2017\/04\/no170417igreja1-696x447.jpg 696w, http:\/\/www.portalmantena.com.br\/novo\/wp-content\/uploads\/2017\/04\/no170417igreja1-653x420.jpg 653w\" sizes=\"(max-width: 700px) 100vw, 700px\" \/><\/a><\/p>\n<p><span style=\"font-size: 14pt;\">A comunidade cat\u00f3lica em Mantena, como tradi\u00e7\u00e3o, realizou uma semana de atividades importantes na comemora\u00e7\u00e3o e celebra\u00e7\u00e3o da P\u00e1scoa. Foram momentos especiais, de muita emo\u00e7\u00e3o, gratid\u00e3o e rever\u00eancia ao que aconteceu h\u00e1 muito tempo atr\u00e1s e que at\u00e9 hoje representa muito para o cristianismo. <\/span><\/p>\n<p><span style=\"font-size: 14pt;\">Em Mantena foram v\u00e1rios momentos celebrados, com v\u00e1rias prociss\u00f5es, entre elas a prociss\u00e3o do encontro na quarta-feira, missa do lava p\u00e9s, manh\u00e3 da via sacra, celebra\u00e7\u00e3o da cruz, prociss\u00e3o do senhor morto, celebra\u00e7\u00e3o da luz e ainda v\u00e1rias missas entre elas a deste domingo de p\u00e1scoa encerando uma semana Santa, que segue com eventos e celebra\u00e7\u00f5es at\u00e9 as comemora\u00e7\u00f5es de Corpus Christi. <\/span><\/p>\n<p><span style=\"font-size: 14pt;\">Os fi\u00e9is cat\u00f3licos de v\u00e1rias igrejas em Mantena estiveram celebrando tanto nas pr\u00f3prias comunidades como tamb\u00e9m juntos, compartilhando de momentos especiais que por mais um ano \u00e9 realizado, fortalecendo assim as comemora\u00e7\u00f5es da Semana Santa em Mantena.<\/span><\/p>\n<p><a href=\"http:\/\/www.portalmantena.com.br\/novo\/wp-content\/uploads\/2017\/04\/no170417igreja2.jpg\"><img loading=\"lazy\" class=\"alignnone size-full wp-image-4704\" src=\"http:\/\/www.portalmantena.com.br\/novo\/wp-content\/uploads\/2017\/04\/no170417igreja2.jpg\" alt=\"\" width=\"700\" height=\"450\" srcset=\"http:\/\/www.portalmantena.com.br\/novo\/wp-content\/uploads\/2017\/04\/no170417igreja2.jpg 700w, http:\/\/www.portalmantena.com.br\/novo\/wp-content\/uploads\/2017\/04\/no170417igreja2-300x193.jpg 300w, http:\/\/www.portalmantena.com.br\/novo\/wp-content\/uploads\/2017\/04\/no170417igreja2-696x447.jpg 696w, http:\/\/www.portalmantena.com.br\/novo\/wp-content\/uploads\/2017\/04\/no170417igreja2-653x420.jpg 653w\" sizes=\"(max-width: 700px) 100vw, 700px\" \/><\/a> <a href=\"http:\/\/www.portalmantena.com.br\/novo\/wp-content\/uploads\/2017\/04\/no170417igreja3.jpg\"><img loading=\"lazy\" class=\"alignnone size-full wp-image-4705\" src=\"http:\/\/www.portalmantena.com.br\/novo\/wp-content\/uploads\/2017\/04\/no170417igreja3.jpg\" alt=\"\" width=\"700\" height=\"450\" srcset=\"http:\/\/www.portalmantena.com.br\/novo\/wp-content\/uploads\/2017\/04\/no170417igreja3.jpg 700w, http:\/\/www.portalmantena.com.br\/novo\/wp-content\/uploads\/2017\/04\/no170417igreja3-300x193.jpg 300w, http:\/\/www.portalmantena.com.br\/novo\/wp-content\/uploads\/2017\/04\/no170417igreja3-696x447.jpg 696w, http:\/\/www.portalmantena.com.br\/novo\/wp-content\/uploads\/2017\/04\/no170417igreja3-653x420.jpg 653w\" sizes=\"(max-width: 700px) 100vw, 700px\" \/><\/a> <a href=\"http:\/\/www.portalmantena.com.br\/novo\/wp-content\/uploads\/2017\/04\/no170417igreja4.jpg\"><img loading=\"lazy\" class=\"alignnone size-full wp-image-4706\" src=\"http:\/\/www.portalmantena.com.br\/novo\/wp-content\/uploads\/2017\/04\/no170417igreja4.jpg\" alt=\"\" width=\"700\" height=\"450\" srcset=\"http:\/\/www.portalmantena.com.br\/novo\/wp-content\/uploads\/2017\/04\/no170417igreja4.jpg 700w, http:\/\/www.portalmantena.com.br\/novo\/wp-content\/uploads\/2017\/04\/no170417igreja4-300x193.jpg 300w, http:\/\/www.portalmantena.com.br\/novo\/wp-content\/uploads\/2017\/04\/no170417igreja4-696x447.jpg 696w, http:\/\/www.portalmantena.com.br\/novo\/wp-content\/uploads\/2017\/04\/no170417igreja4-653x420.jpg 653w\" sizes=\"(max-width: 700px) 100vw, 700px\" \/><\/a> <a href=\"http:\/\/www.portalmantena.com.br\/novo\/wp-content\/uploads\/2017\/04\/no170417igreja5.jpg\"><img loading=\"lazy\" class=\"alignnone size-full wp-image-4707\" src=\"http:\/\/www.portalmantena.com.br\/novo\/wp-content\/uploads\/2017\/04\/no170417igreja5.jpg\" alt=\"\" width=\"700\" height=\"450\" srcset=\"http:\/\/www.portalmantena.com.br\/novo\/wp-content\/uploads\/2017\/04\/no170417igreja5.jpg 700w, http:\/\/www.portalmantena.com.br\/novo\/wp-content\/uploads\/2017\/04\/no170417igreja5-300x193.jpg 300w, http:\/\/www.portalmantena.com.br\/novo\/wp-content\/uploads\/2017\/04\/no170417igreja5-696x447.jpg 696w, http:\/\/www.portalmantena.com.br\/novo\/wp-content\/uploads\/2017\/04\/no170417igreja5-653x420.jpg 653w\" sizes=\"(max-width: 700px) 100vw, 700px\" \/><\/a> <a href=\"http:\/\/www.portalmantena.com.br\/novo\/wp-content\/uploads\/2017\/04\/no170417igreja6.jpg\"><img loading=\"lazy\" class=\"alignnone size-full wp-image-4708\" src=\"http:\/\/www.portalmantena.com.br\/novo\/wp-content\/uploads\/2017\/04\/no170417igreja6.jpg\" alt=\"\" width=\"700\" height=\"450\" srcset=\"http:\/\/www.portalmantena.com.br\/novo\/wp-content\/uploads\/2017\/04\/no170417igreja6.jpg 700w, http:\/\/www.portalmantena.com.br\/novo\/wp-content\/uploads\/2017\/04\/no170417igreja6-300x193.jpg 300w, http:\/\/www.portalmantena.com.br\/novo\/wp-content\/uploads\/2017\/04\/no170417igreja6-696x447.jpg 696w, http:\/\/www.portalmantena.com.br\/novo\/wp-content\/uploads\/2017\/04\/no170417igreja6-653x420.jpg 653w\" sizes=\"(max-width: 700px) 100vw, 700px\" \/><\/a> <a href=\"http:\/\/www.portalmantena.com.br\/novo\/wp-content\/uploads\/2017\/04\/no170417igreja7.jpg\"><img loading=\"lazy\" class=\"alignnone size-full wp-image-4709\" src=\"http:\/\/www.portalmantena.com.br\/novo\/wp-content\/uploads\/2017\/04\/no170417igreja7.jpg\" alt=\"\" width=\"700\" height=\"450\" srcset=\"http:\/\/www.portalmantena.com.br\/novo\/wp-content\/uploads\/2017\/04\/no170417igreja7.jpg 700w, http:\/\/www.portalmantena.com.br\/novo\/wp-content\/uploads\/2017\/04\/no170417igreja7-300x193.jpg 300w, http:\/\/www.portalmantena.com.br\/novo\/wp-content\/uploads\/2017\/04\/no170417igreja7-696x447.jpg 696w, http:\/\/www.portalmantena.com.br\/novo\/wp-content\/uploads\/2017\/04\/no170417igreja7-653x420.jpg 653w\" sizes=\"(max-width: 700px) 100vw, 700px\" \/><\/a> <a href=\"http:\/\/www.portalmantena.com.br\/novo\/wp-content\/uploads\/2017\/04\/no170417igreja8.jpg\"><img loading=\"lazy\" class=\"alignnone size-full wp-image-4710\" src=\"http:\/\/www.portalmantena.com.br\/novo\/wp-content\/uploads\/2017\/04\/no170417igreja8.jpg\" alt=\"\" width=\"700\" height=\"450\" srcset=\"http:\/\/www.portalmantena.com.br\/novo\/wp-content\/uploads\/2017\/04\/no170417igreja8.jpg 700w, http:\/\/www.portalmantena.com.br\/novo\/wp-content\/uploads\/2017\/04\/no170417igreja8-300x193.jpg 300w, http:\/\/www.portalmantena.com.br\/novo\/wp-content\/uploads\/2017\/04\/no170417igreja8-696x447.jpg 696w, http:\/\/www.portalmantena.com.br\/novo\/wp-content\/uploads\/2017\/04\/no170417igreja8-653x420.jpg 653w\" sizes=\"(max-width: 700px) 100vw, 700px\" \/><\/a> <a href=\"http:\/\/www.portalmantena.com.br\/novo\/wp-content\/uploads\/2017\/04\/no170417igreja9.jpg\"><img loading=\"lazy\" class=\"alignnone size-full wp-image-4711\" src=\"http:\/\/www.portalmantena.com.br\/novo\/wp-content\/uploads\/2017\/04\/no170417igreja9.jpg\" alt=\"\" width=\"700\" height=\"450\" srcset=\"http:\/\/www.portalmantena.com.br\/novo\/wp-content\/uploads\/2017\/04\/no170417igreja9.jpg 700w, http:\/\/www.portalmantena.com.br\/novo\/wp-content\/uploads\/2017\/04\/no170417igreja9-300x193.jpg 300w, http:\/\/www.portalmantena.com.br\/novo\/wp-content\/uploads\/2017\/04\/no170417igreja9-696x447.jpg 696w, http:\/\/www.portalmantena.com.br\/novo\/wp-content\/uploads\/2017\/04\/no170417igreja9-653x420.jpg 653w\" sizes=\"(max-width: 700px) 100vw, 700px\" \/><\/a> <a href=\"http:\/\/www.portalmantena.com.br\/novo\/wp-content\/uploads\/2017\/04\/no170417igreja10.jpg\"><img loading=\"lazy\" class=\"alignnone size-full wp-image-4712\" src=\"http:\/\/www.portalmantena.com.br\/novo\/wp-content\/uploads\/2017\/04\/no170417igreja10.jpg\" alt=\"\" width=\"700\" height=\"450\" srcset=\"http:\/\/www.portalmantena.com.br\/novo\/wp-content\/uploads\/2017\/04\/no170417igreja10.jpg 700w, http:\/\/www.portalmantena.com.br\/novo\/wp-content\/uploads\/2017\/04\/no170417igreja10-300x193.jpg 300w, http:\/\/www.portalmantena.com.br\/novo\/wp-content\/uploads\/2017\/04\/no170417igreja10-696x447.jpg 696w, http:\/\/www.portalmantena.com.br\/novo\/wp-content\/uploads\/2017\/04\/no170417igreja10-653x420.jpg 653w\" sizes=\"(max-width: 700px) 100vw, 700px\" \/><\/a> <a href=\"http:\/\/www.portalmantena.com.br\/novo\/wp-content\/uploads\/2017\/04\/no170417igreja11.jpg\"><img loading=\"lazy\" class=\"alignnone size-full wp-image-4713\" src=\"http:\/\/www.portalmantena.com.br\/novo\/wp-content\/uploads\/2017\/04\/no170417igreja11.jpg\" alt=\"\" width=\"700\" height=\"450\" srcset=\"http:\/\/www.portalmantena.com.br\/novo\/wp-content\/uploads\/2017\/04\/no170417igreja11.jpg 700w, http:\/\/www.portalmantena.com.br\/novo\/wp-content\/uploads\/2017\/04\/no170417igreja11-300x193.jpg 300w, http:\/\/www.portalmantena.com.br\/novo\/wp-content\/uploads\/2017\/04\/no170417igreja11-696x447.jpg 696w, http:\/\/www.portalmantena.com.br\/novo\/wp-content\/uploads\/2017\/04\/no170417igreja11-653x420.jpg 653w\" sizes=\"(max-width: 700px) 100vw, 700px\" \/><\/a> <a href=\"http:\/\/www.portalmantena.com.br\/novo\/wp-content\/uploads\/2017\/04\/no170417igreja12.jpg\"><img loading=\"lazy\" class=\"alignnone size-full wp-image-4714\" src=\"http:\/\/www.portalmantena.com.br\/novo\/wp-content\/uploads\/2017\/04\/no170417igreja12.jpg\" alt=\"\" width=\"700\" height=\"450\" srcset=\"http:\/\/www.portalmantena.com.br\/novo\/wp-content\/uploads\/2017\/04\/no170417igreja12.jpg 700w, http:\/\/www.portalmantena.com.br\/novo\/wp-content\/uploads\/2017\/04\/no170417igreja12-300x193.jpg 300w, http:\/\/www.portalmantena.com.br\/novo\/wp-content\/uploads\/2017\/04\/no170417igreja12-696x447.jpg 696w, http:\/\/www.portalmantena.com.br\/novo\/wp-content\/uploads\/2017\/04\/no170417igreja12-653x420.jpg 653w\" sizes=\"(max-width: 700px) 100vw, 700px\" \/><\/a><\/p>\n","protected":false},"excerpt":{"rendered":"<p>A comunidade cat\u00f3lica em Mantena, como tradi\u00e7\u00e3o, realizou uma semana de atividades importantes na comemora\u00e7\u00e3o e celebra\u00e7\u00e3o da P\u00e1scoa. Foram momentos especiais, de muita emo\u00e7\u00e3o, gratid\u00e3o e rever\u00eancia ao que aconteceu h\u00e1 muito tempo atr\u00e1s e que at\u00e9 hoje representa muito para o cristianismo. Em Mantena foram v\u00e1rios momentos celebrados, com v\u00e1rias prociss\u00f5es, entre elas [&hellip;]<\/p>\n","protected":false},"author":1,"featured_media":4712,"comment_status":"open","ping_status":"open","sticky":false,"template":"","format":"standard","meta":[],"categories":[36,11],"tags":[],"_links":{"self":[{"href":"http:\/\/www.portalmantena.com.br\/novo\/index.php?rest_route=\/wp\/v2\/posts\/4702"}],"collection":[{"href":"http:\/\/www.portalmantena.com.br\/novo\/index.php?rest_route=\/wp\/v2\/posts"}],"about":[{"href":"http:\/\/www.portalmantena.com.br\/novo\/index.php?rest_route=\/wp\/v2\/types\/post"}],"author":[{"embeddable":true,"href":"http:\/\/www.portalmantena.com.br\/novo\/index.php?rest_route=\/wp\/v2\/users\/1"}],"replies":[{"embeddable":true,"href":"http:\/\/www.portalmantena.com.br\/novo\/index.php?rest_route=%2Fwp%2Fv2%2Fcomments&post=4702"}],"version-history":[{"count":1,"href":"http:\/\/www.portalmantena.com.br\/novo\/index.php?rest_route=\/wp\/v2\/posts\/4702\/revisions"}],"predecessor-version":[{"id":4715,"href":"http:\/\/www.portalmantena.com.br\/novo\/index.php?rest_route=\/wp\/v2\/posts\/4702\/revisions\/4715"}],"wp:featuredmedia":[{"embeddable":true,"href":"http:\/\/www.portalmantena.com.br\/novo\/index.php?rest_route=\/wp\/v2\/media\/4712"}],"wp:attachment":[{"href":"http:\/\/www.portalmantena.com.br\/novo\/index.php?rest_route=%2Fwp%2Fv2%2Fmedia&parent=4702"}],"wp:term":[{"taxonomy":"category","embeddable":true,"href":"http:\/\/www.portalmantena.com.br\/novo\/index.php?rest_route=%2Fwp%2Fv2%2Fcategories&post=4702"},{"taxonomy":"post_tag","embeddable":true,"href":"http:\/\/www.portalmantena.com.br\/novo\/index.php?rest_route=%2Fwp%2Fv2%2Ftags&post=4702"}],"curies":[{"name":"wp","href":"https:\/\/api.w.org\/{rel}","templated":true}]}}