{"id":4699,"date":"2017-04-17T11:38:21","date_gmt":"2017-04-17T14:38:21","guid":{"rendered":"http:\/\/www.portalmantena.com.br\/novo\/?p=4699"},"modified":"2017-04-18T07:38:53","modified_gmt":"2017-04-18T10:38:53","slug":"duas-armas-de-fogo-apreendidas-em-operacao-semana-santa-em-sao-joao-do-manteninha","status":"publish","type":"post","link":"http:\/\/www.portalmantena.com.br\/novo\/?p=4699","title":{"rendered":"Duas armas de fogo apreendidas em Opera\u00e7\u00e3o Semana Santa em S\u00e3o Jo\u00e3o"},"content":{"rendered":"<p><a href=\"http:\/\/www.portalmantena.com.br\/novo\/wp-content\/uploads\/2017\/04\/no170417arma.jpg\"><img loading=\"lazy\" class=\"alignnone size-full wp-image-4700\" src=\"http:\/\/www.portalmantena.com.br\/novo\/wp-content\/uploads\/2017\/04\/no170417arma.jpg\" alt=\"\" width=\"700\" height=\"450\" srcset=\"http:\/\/www.portalmantena.com.br\/novo\/wp-content\/uploads\/2017\/04\/no170417arma.jpg 700w, http:\/\/www.portalmantena.com.br\/novo\/wp-content\/uploads\/2017\/04\/no170417arma-300x193.jpg 300w, http:\/\/www.portalmantena.com.br\/novo\/wp-content\/uploads\/2017\/04\/no170417arma-696x447.jpg 696w, http:\/\/www.portalmantena.com.br\/novo\/wp-content\/uploads\/2017\/04\/no170417arma-653x420.jpg 653w\" sizes=\"(max-width: 700px) 100vw, 700px\" \/><\/a><\/p>\n<p><span style=\"font-size: 14pt;\">A pol\u00edcia militar de meio ambiente de Mantena, realizou a apreens\u00e3o de duas armas de fogo durante a Opera\u00e7\u00e3o Semana Santa na regi\u00e3o. <\/span><\/p>\n<p><span style=\"font-size: 14pt;\">A apreens\u00e3o aconteceu no munic\u00edpio de S\u00e3o Jo\u00e3o do Manteninha, onde uma delas foi apreendida ap\u00f3s uma den\u00fancia via 181 e outra foi abandonada ap\u00f3s o infrator, o condutor de uma motocicleta honda CG titan de cor preta e sem placa, avistar a viatura da pol\u00edcia militar e sair em fuga. <\/span><\/p>\n<p><span style=\"font-size: 14pt;\">O ocupante desta moto foi perseguidos pela guarni\u00e7\u00e3o policial no entanto ao perceberem que seria alcan\u00e7ado e abordado, dispensou um saco pl\u00e1stico no pasto \u00e0s margens da estrada, e fugiu. <\/span><\/p>\n<p><span style=\"font-size: 14pt;\">Os policiais chegaram at\u00e9 o objeto lan\u00e7ado fora e encontraram uma espingarda tipo polveira. As Opera\u00e7\u00f5es policiais continuaram durante a semana, com o objetivo de reprimir os crimes e infra\u00e7\u00f5es.<\/span><\/p>\n","protected":false},"excerpt":{"rendered":"<p>A pol\u00edcia militar de meio ambiente de Mantena, realizou a apreens\u00e3o de duas armas de fogo durante a Opera\u00e7\u00e3o Semana Santa na regi\u00e3o. A apreens\u00e3o aconteceu no munic\u00edpio de S\u00e3o Jo\u00e3o do Manteninha, onde uma delas foi apreendida ap\u00f3s uma den\u00fancia via 181 e outra foi abandonada ap\u00f3s o infrator, o condutor de uma motocicleta [&hellip;]<\/p>\n","protected":false},"author":1,"featured_media":4700,"comment_status":"open","ping_status":"open","sticky":false,"template":"","format":"standard","meta":[],"categories":[12,11,34],"tags":[],"_links":{"self":[{"href":"http:\/\/www.portalmantena.com.br\/novo\/index.php?rest_route=\/wp\/v2\/posts\/4699"}],"collection":[{"href":"http:\/\/www.portalmantena.com.br\/novo\/index.php?rest_route=\/wp\/v2\/posts"}],"about":[{"href":"http:\/\/www.portalmantena.com.br\/novo\/index.php?rest_route=\/wp\/v2\/types\/post"}],"author":[{"embeddable":true,"href":"http:\/\/www.portalmantena.com.br\/novo\/index.php?rest_route=\/wp\/v2\/users\/1"}],"replies":[{"embeddable":true,"href":"http:\/\/www.portalmantena.com.br\/novo\/index.php?rest_route=%2Fwp%2Fv2%2Fcomments&post=4699"}],"version-history":[{"count":2,"href":"http:\/\/www.portalmantena.com.br\/novo\/index.php?rest_route=\/wp\/v2\/posts\/4699\/revisions"}],"predecessor-version":[{"id":4778,"href":"http:\/\/www.portalmantena.com.br\/novo\/index.php?rest_route=\/wp\/v2\/posts\/4699\/revisions\/4778"}],"wp:featuredmedia":[{"embeddable":true,"href":"http:\/\/www.portalmantena.com.br\/novo\/index.php?rest_route=\/wp\/v2\/media\/4700"}],"wp:attachment":[{"href":"http:\/\/www.portalmantena.com.br\/novo\/index.php?rest_route=%2Fwp%2Fv2%2Fmedia&parent=4699"}],"wp:term":[{"taxonomy":"category","embeddable":true,"href":"http:\/\/www.portalmantena.com.br\/novo\/index.php?rest_route=%2Fwp%2Fv2%2Fcategories&post=4699"},{"taxonomy":"post_tag","embeddable":true,"href":"http:\/\/www.portalmantena.com.br\/novo\/index.php?rest_route=%2Fwp%2Fv2%2Ftags&post=4699"}],"curies":[{"name":"wp","href":"https:\/\/api.w.org\/{rel}","templated":true}]}}