{"id":46882,"date":"2019-05-09T10:06:44","date_gmt":"2019-05-09T13:06:44","guid":{"rendered":"http:\/\/www.portalmantena.com.br\/novo\/?p=46882"},"modified":"2019-05-09T10:33:54","modified_gmt":"2019-05-09T13:33:54","slug":"faleceu-em-mantena-dona-nair-benicio-cruz","status":"publish","type":"post","link":"http:\/\/www.portalmantena.com.br\/novo\/?p=46882","title":{"rendered":"Faleceu em Mantena dona Nair Ben\u00edcio Cruz"},"content":{"rendered":"<p><a href=\"http:\/\/www.portalmantena.com.br\/novo\/wp-content\/uploads\/2019\/05\/no090519nair.jpg\"><img loading=\"lazy\" class=\"alignnone size-full wp-image-46883\" src=\"http:\/\/www.portalmantena.com.br\/novo\/wp-content\/uploads\/2019\/05\/no090519nair.jpg\" alt=\"\" width=\"700\" height=\"450\" srcset=\"http:\/\/www.portalmantena.com.br\/novo\/wp-content\/uploads\/2019\/05\/no090519nair.jpg 700w, http:\/\/www.portalmantena.com.br\/novo\/wp-content\/uploads\/2019\/05\/no090519nair-300x193.jpg 300w, http:\/\/www.portalmantena.com.br\/novo\/wp-content\/uploads\/2019\/05\/no090519nair-696x447.jpg 696w, http:\/\/www.portalmantena.com.br\/novo\/wp-content\/uploads\/2019\/05\/no090519nair-653x420.jpg 653w\" sizes=\"(max-width: 700px) 100vw, 700px\" \/><\/a><\/p>\n<p><span style=\"font-size: 14pt;\">Mulher de f\u00e9, guerreira, uma serva do Senhor, faleceu na madrugada desta quinta-feira dia 09 de Maio em Mantena, a Senhora Nair Ben\u00edcio Cruz (dona Nair). <\/span><\/p>\n<p><span style=\"font-size: 14pt;\">Seu corpo est\u00e1 sendo velado no templo da Primeira Igreja Batista de Mantena. Um culto f\u00fanebre ser\u00e1 realizado \u00e0s 15h30\u2019 desta quinta-feira (9) e em seguida ser\u00e1 sepultado no Cemit\u00e9rio do Centro em Mantena. Os filhos: Pr. Ely Ant\u00f4nio, Edmar, Edinho, V\u00e2nia e demais familiares agradecem a todos que comparecerem. <\/span><\/p>\n<p><span style=\"font-size: 14pt;\">A reda\u00e7\u00e3o do portalmantena externa os profundos sentimentos de p\u00easames ao familiares neste momento de dor e separa\u00e7\u00e3o, pedindo ao nosso Deus que conforte os cora\u00e7\u00f5es.<\/span><\/p>\n<p>&nbsp;<\/p>\n<p style=\"text-align: center;\"><span style=\"font-size: 14pt;\">Acesse nosso\u00a0<a href=\"http:\/\/www.portalmantena.com.br\/novo\/?p=42566\"><strong>OBITU\u00c1RIO<\/strong><\/a>\u00a0para saber quem nos deixou em\u00a0<strong>2019<\/strong><\/span><\/p>\n<p><a href=\"http:\/\/www.portalmantena.com.br\/novo\/\"><img loading=\"lazy\" class=\"alignnone size-full wp-image-37331\" src=\"http:\/\/www.portalmantena.com.br\/novo\/wp-content\/uploads\/2018\/05\/faixaportalnoticias5.jpg\" alt=\"\" width=\"700\" height=\"40\" srcset=\"http:\/\/www.portalmantena.com.br\/novo\/wp-content\/uploads\/2018\/05\/faixaportalnoticias5.jpg 700w, http:\/\/www.portalmantena.com.br\/novo\/wp-content\/uploads\/2018\/05\/faixaportalnoticias5-300x17.jpg 300w, http:\/\/www.portalmantena.com.br\/novo\/wp-content\/uploads\/2018\/05\/faixaportalnoticias5-696x40.jpg 696w\" sizes=\"(max-width: 700px) 100vw, 700px\" \/><\/a><\/p>\n","protected":false},"excerpt":{"rendered":"<p>Mulher de f\u00e9, guerreira, uma serva do Senhor, faleceu na madrugada desta quinta-feira dia 09 de Maio em Mantena, a Senhora Nair Ben\u00edcio Cruz (dona Nair). Seu corpo est\u00e1 sendo velado no templo da Primeira Igreja Batista de Mantena. Um culto f\u00fanebre ser\u00e1 realizado \u00e0s 15h30\u2019 desta quinta-feira (9) e em seguida ser\u00e1 sepultado no [&hellip;]<\/p>\n","protected":false},"author":1,"featured_media":46883,"comment_status":"open","ping_status":"open","sticky":false,"template":"","format":"standard","meta":[],"categories":[36,11],"tags":[],"_links":{"self":[{"href":"http:\/\/www.portalmantena.com.br\/novo\/index.php?rest_route=\/wp\/v2\/posts\/46882"}],"collection":[{"href":"http:\/\/www.portalmantena.com.br\/novo\/index.php?rest_route=\/wp\/v2\/posts"}],"about":[{"href":"http:\/\/www.portalmantena.com.br\/novo\/index.php?rest_route=\/wp\/v2\/types\/post"}],"author":[{"embeddable":true,"href":"http:\/\/www.portalmantena.com.br\/novo\/index.php?rest_route=\/wp\/v2\/users\/1"}],"replies":[{"embeddable":true,"href":"http:\/\/www.portalmantena.com.br\/novo\/index.php?rest_route=%2Fwp%2Fv2%2Fcomments&post=46882"}],"version-history":[{"count":2,"href":"http:\/\/www.portalmantena.com.br\/novo\/index.php?rest_route=\/wp\/v2\/posts\/46882\/revisions"}],"predecessor-version":[{"id":46886,"href":"http:\/\/www.portalmantena.com.br\/novo\/index.php?rest_route=\/wp\/v2\/posts\/46882\/revisions\/46886"}],"wp:featuredmedia":[{"embeddable":true,"href":"http:\/\/www.portalmantena.com.br\/novo\/index.php?rest_route=\/wp\/v2\/media\/46883"}],"wp:attachment":[{"href":"http:\/\/www.portalmantena.com.br\/novo\/index.php?rest_route=%2Fwp%2Fv2%2Fmedia&parent=46882"}],"wp:term":[{"taxonomy":"category","embeddable":true,"href":"http:\/\/www.portalmantena.com.br\/novo\/index.php?rest_route=%2Fwp%2Fv2%2Fcategories&post=46882"},{"taxonomy":"post_tag","embeddable":true,"href":"http:\/\/www.portalmantena.com.br\/novo\/index.php?rest_route=%2Fwp%2Fv2%2Ftags&post=46882"}],"curies":[{"name":"wp","href":"https:\/\/api.w.org\/{rel}","templated":true}]}}