{"id":46733,"date":"2019-05-22T06:07:18","date_gmt":"2019-05-22T09:07:18","guid":{"rendered":"http:\/\/www.portalmantena.com.br\/novo\/?p=46733"},"modified":"2019-05-22T10:37:09","modified_gmt":"2019-05-22T13:37:09","slug":"oab-mantena-lanca-campanha-do-agasalho-participe","status":"publish","type":"post","link":"http:\/\/www.portalmantena.com.br\/novo\/?p=46733","title":{"rendered":"OAB Mantena segue com a Campanha do Agasalho, AJUDE"},"content":{"rendered":"<p><a href=\"http:\/\/www.portalmantena.com.br\/novo\/wp-content\/uploads\/2019\/05\/no060519oab.jpg\"><img loading=\"lazy\" class=\"alignnone size-full wp-image-46734\" src=\"http:\/\/www.portalmantena.com.br\/novo\/wp-content\/uploads\/2019\/05\/no060519oab.jpg\" alt=\"\" width=\"700\" height=\"450\" srcset=\"http:\/\/www.portalmantena.com.br\/novo\/wp-content\/uploads\/2019\/05\/no060519oab.jpg 700w, http:\/\/www.portalmantena.com.br\/novo\/wp-content\/uploads\/2019\/05\/no060519oab-300x193.jpg 300w, http:\/\/www.portalmantena.com.br\/novo\/wp-content\/uploads\/2019\/05\/no060519oab-696x447.jpg 696w, http:\/\/www.portalmantena.com.br\/novo\/wp-content\/uploads\/2019\/05\/no060519oab-653x420.jpg 653w\" sizes=\"(max-width: 700px) 100vw, 700px\" \/><\/a><\/p>\n<p><span style=\"font-size: 14pt;\">A diretoria da Ordem dos Advogados do Brasil \/ 59\u00aa Subse\u00e7\u00e3o em Mantena, iniciou na segunda-feira dia 06 de Maio, sua 1\u00aa Campanha do Agasalho da OAB Mantena. <\/span><\/p>\n<p><span style=\"font-size: 14pt;\">Com o slogan da campanha \u201cSUA DOA\u00c7\u00c3O AQUECE UMA VIDA\u201d, o objetivo da a\u00e7\u00e3o \u00e9 arrecadar agasalhos, cobertores, cal\u00e7as, blusas, cal\u00e7ados e acess\u00f3rios de inverno em boas condi\u00e7\u00f5es de uso, para dar dignidade \u00e0queles que n\u00e3o tem como se proteger da esta\u00e7\u00e3o fria que vem se aproximando. <\/span><\/p>\n<p><span style=\"font-size: 14pt;\">A diretoria da OAB Mantena, convida toda a sociedade para ajudar nesta campanha: \u201cSua doa\u00e7\u00e3o aquece uma vida!\u201d Para quem deseja ajudar, o projeto receber\u00e1 as contribui\u00e7\u00f5es at\u00e9 o dia 28 de Junho, e as doa\u00e7\u00f5es poder\u00e3o ser feitas na Sala da OAB Mantena, situada nas depend\u00eancias do F\u00f3rum local.<\/span><\/p>\n<p><a href=\"http:\/\/www.portalmantena.com.br\/novo\/\"><img loading=\"lazy\" class=\"alignnone size-full wp-image-37331\" src=\"http:\/\/www.portalmantena.com.br\/novo\/wp-content\/uploads\/2018\/05\/faixaportalnoticias5.jpg\" alt=\"\" width=\"700\" height=\"40\" srcset=\"http:\/\/www.portalmantena.com.br\/novo\/wp-content\/uploads\/2018\/05\/faixaportalnoticias5.jpg 700w, http:\/\/www.portalmantena.com.br\/novo\/wp-content\/uploads\/2018\/05\/faixaportalnoticias5-300x17.jpg 300w, http:\/\/www.portalmantena.com.br\/novo\/wp-content\/uploads\/2018\/05\/faixaportalnoticias5-696x40.jpg 696w\" sizes=\"(max-width: 700px) 100vw, 700px\" \/><\/a><\/p>\n<p><span style=\"font-size: 10pt;\">ESPA\u00c7O EMPRESARIAL<\/span><a href=\"http:\/\/www.portalmantena.com.br\/novo\/wp-content\/uploads\/2018\/05\/postoterraboa.jpg\"><img loading=\"lazy\" class=\"alignnone size-full wp-image-29172\" src=\"http:\/\/www.portalmantena.com.br\/novo\/wp-content\/uploads\/2018\/05\/postoterraboa.jpg\" alt=\"\" width=\"700\" height=\"150\" srcset=\"http:\/\/www.portalmantena.com.br\/novo\/wp-content\/uploads\/2018\/05\/postoterraboa.jpg 700w, http:\/\/www.portalmantena.com.br\/novo\/wp-content\/uploads\/2018\/05\/postoterraboa-300x64.jpg 300w, http:\/\/www.portalmantena.com.br\/novo\/wp-content\/uploads\/2018\/05\/postoterraboa-696x150.jpg 696w\" sizes=\"(max-width: 700px) 100vw, 700px\" \/><\/a><\/p>\n","protected":false},"excerpt":{"rendered":"<p>A diretoria da Ordem dos Advogados do Brasil \/ 59\u00aa Subse\u00e7\u00e3o em Mantena, iniciou na segunda-feira dia 06 de Maio, sua 1\u00aa Campanha do Agasalho da OAB Mantena. Com o slogan da campanha \u201cSUA DOA\u00c7\u00c3O AQUECE UMA VIDA\u201d, o objetivo da a\u00e7\u00e3o \u00e9 arrecadar agasalhos, cobertores, cal\u00e7as, blusas, cal\u00e7ados e acess\u00f3rios de inverno em boas [&hellip;]<\/p>\n","protected":false},"author":1,"featured_media":46734,"comment_status":"open","ping_status":"open","sticky":false,"template":"","format":"standard","meta":[],"categories":[36,11],"tags":[],"_links":{"self":[{"href":"http:\/\/www.portalmantena.com.br\/novo\/index.php?rest_route=\/wp\/v2\/posts\/46733"}],"collection":[{"href":"http:\/\/www.portalmantena.com.br\/novo\/index.php?rest_route=\/wp\/v2\/posts"}],"about":[{"href":"http:\/\/www.portalmantena.com.br\/novo\/index.php?rest_route=\/wp\/v2\/types\/post"}],"author":[{"embeddable":true,"href":"http:\/\/www.portalmantena.com.br\/novo\/index.php?rest_route=\/wp\/v2\/users\/1"}],"replies":[{"embeddable":true,"href":"http:\/\/www.portalmantena.com.br\/novo\/index.php?rest_route=%2Fwp%2Fv2%2Fcomments&post=46733"}],"version-history":[{"count":3,"href":"http:\/\/www.portalmantena.com.br\/novo\/index.php?rest_route=\/wp\/v2\/posts\/46733\/revisions"}],"predecessor-version":[{"id":47554,"href":"http:\/\/www.portalmantena.com.br\/novo\/index.php?rest_route=\/wp\/v2\/posts\/46733\/revisions\/47554"}],"wp:featuredmedia":[{"embeddable":true,"href":"http:\/\/www.portalmantena.com.br\/novo\/index.php?rest_route=\/wp\/v2\/media\/46734"}],"wp:attachment":[{"href":"http:\/\/www.portalmantena.com.br\/novo\/index.php?rest_route=%2Fwp%2Fv2%2Fmedia&parent=46733"}],"wp:term":[{"taxonomy":"category","embeddable":true,"href":"http:\/\/www.portalmantena.com.br\/novo\/index.php?rest_route=%2Fwp%2Fv2%2Fcategories&post=46733"},{"taxonomy":"post_tag","embeddable":true,"href":"http:\/\/www.portalmantena.com.br\/novo\/index.php?rest_route=%2Fwp%2Fv2%2Ftags&post=46733"}],"curies":[{"name":"wp","href":"https:\/\/api.w.org\/{rel}","templated":true}]}}