{"id":46407,"date":"2019-04-30T10:46:29","date_gmt":"2019-04-30T13:46:29","guid":{"rendered":"http:\/\/www.portalmantena.com.br\/novo\/?p=46407"},"modified":"2019-04-30T10:46:29","modified_gmt":"2019-04-30T13:46:29","slug":"adrenalina-com-o-veloterra-neste-feriado-do-trabalhador","status":"publish","type":"post","link":"http:\/\/www.portalmantena.com.br\/novo\/?p=46407","title":{"rendered":"Adrenalina com o Veloterra neste feriado do Trabalhador"},"content":{"rendered":"<p><a href=\"http:\/\/www.portalmantena.com.br\/novo\/wp-content\/uploads\/2019\/04\/no300419cross.jpg\"><img loading=\"lazy\" class=\"alignnone size-full wp-image-46409\" src=\"http:\/\/www.portalmantena.com.br\/novo\/wp-content\/uploads\/2019\/04\/no300419cross.jpg\" alt=\"\" width=\"700\" height=\"450\" srcset=\"http:\/\/www.portalmantena.com.br\/novo\/wp-content\/uploads\/2019\/04\/no300419cross.jpg 700w, http:\/\/www.portalmantena.com.br\/novo\/wp-content\/uploads\/2019\/04\/no300419cross-300x193.jpg 300w, http:\/\/www.portalmantena.com.br\/novo\/wp-content\/uploads\/2019\/04\/no300419cross-696x447.jpg 696w, http:\/\/www.portalmantena.com.br\/novo\/wp-content\/uploads\/2019\/04\/no300419cross-653x420.jpg 653w\" sizes=\"(max-width: 700px) 100vw, 700px\" \/><\/a><\/p>\n<p><span style=\"font-size: 14pt;\">Para os amantes e admiradores de velocidade e que sentem a adrenalina, neste feriado de 1\u00ba de Maio, dia do trabalhador, acontecer\u00e1 em Mantena nas depend\u00eancias do Parque de Exposi\u00e7\u00f5es, a Copa Norte de Veloterra, uma modalidade que j\u00e1 agradou aos pilotos da cidade e regi\u00e3o. <\/span><\/p>\n<p><span style=\"font-size: 14pt;\">Ali\u00e1s, a previs\u00e3o \u00e9 que muitos pilotos da regi\u00e3o confirmem presen\u00e7a neste evento do esporte \u00e0 motor. <\/span><\/p>\n<p><span style=\"font-size: 14pt;\">A prova ter\u00e1 in\u00edcio \u00e0s 9 horas da manh\u00e3 com t\u00e9rmino previsto para as 17 horas. <\/span><\/p>\n<p><span style=\"font-size: 14pt;\">Esta \u00e9 uma oportunidade para o expectador acompanhar a prova de perto pois nesta modalidade existe um circuito. Prestigie, mais uma organiza\u00e7\u00e3o Guerra Cross.<\/span><\/p>\n<p><a href=\"http:\/\/www.portalmantena.com.br\/novo\/\"><img loading=\"lazy\" class=\"alignnone size-full wp-image-37331\" src=\"http:\/\/www.portalmantena.com.br\/novo\/wp-content\/uploads\/2018\/05\/faixaportalnoticias5.jpg\" alt=\"\" width=\"700\" height=\"40\" srcset=\"http:\/\/www.portalmantena.com.br\/novo\/wp-content\/uploads\/2018\/05\/faixaportalnoticias5.jpg 700w, http:\/\/www.portalmantena.com.br\/novo\/wp-content\/uploads\/2018\/05\/faixaportalnoticias5-300x17.jpg 300w, http:\/\/www.portalmantena.com.br\/novo\/wp-content\/uploads\/2018\/05\/faixaportalnoticias5-696x40.jpg 696w\" sizes=\"(max-width: 700px) 100vw, 700px\" \/><\/a><\/p>\n<p><span style=\"font-size: 10pt;\">ESPA\u00c7O EMPRESARIAL<\/span><a href=\"http:\/\/www.portalmantena.com.br\/novo\/?p=39480\"><img loading=\"lazy\" class=\"alignnone size-full wp-image-39486\" src=\"http:\/\/www.portalmantena.com.br\/novo\/wp-content\/uploads\/2018\/05\/honca301018faixa.jpg\" alt=\"\" width=\"700\" height=\"150\" srcset=\"http:\/\/www.portalmantena.com.br\/novo\/wp-content\/uploads\/2018\/05\/honca301018faixa.jpg 700w, http:\/\/www.portalmantena.com.br\/novo\/wp-content\/uploads\/2018\/05\/honca301018faixa-300x64.jpg 300w, http:\/\/www.portalmantena.com.br\/novo\/wp-content\/uploads\/2018\/05\/honca301018faixa-696x150.jpg 696w\" sizes=\"(max-width: 700px) 100vw, 700px\" \/><\/a><\/p>\n","protected":false},"excerpt":{"rendered":"<p>Para os amantes e admiradores de velocidade e que sentem a adrenalina, neste feriado de 1\u00ba de Maio, dia do trabalhador, acontecer\u00e1 em Mantena nas depend\u00eancias do Parque de Exposi\u00e7\u00f5es, a Copa Norte de Veloterra, uma modalidade que j\u00e1 agradou aos pilotos da cidade e regi\u00e3o. Ali\u00e1s, a previs\u00e3o \u00e9 que muitos pilotos da regi\u00e3o [&hellip;]<\/p>\n","protected":false},"author":1,"featured_media":46409,"comment_status":"open","ping_status":"open","sticky":false,"template":"","format":"standard","meta":[],"categories":[12,22],"tags":[],"_links":{"self":[{"href":"http:\/\/www.portalmantena.com.br\/novo\/index.php?rest_route=\/wp\/v2\/posts\/46407"}],"collection":[{"href":"http:\/\/www.portalmantena.com.br\/novo\/index.php?rest_route=\/wp\/v2\/posts"}],"about":[{"href":"http:\/\/www.portalmantena.com.br\/novo\/index.php?rest_route=\/wp\/v2\/types\/post"}],"author":[{"embeddable":true,"href":"http:\/\/www.portalmantena.com.br\/novo\/index.php?rest_route=\/wp\/v2\/users\/1"}],"replies":[{"embeddable":true,"href":"http:\/\/www.portalmantena.com.br\/novo\/index.php?rest_route=%2Fwp%2Fv2%2Fcomments&post=46407"}],"version-history":[{"count":1,"href":"http:\/\/www.portalmantena.com.br\/novo\/index.php?rest_route=\/wp\/v2\/posts\/46407\/revisions"}],"predecessor-version":[{"id":46410,"href":"http:\/\/www.portalmantena.com.br\/novo\/index.php?rest_route=\/wp\/v2\/posts\/46407\/revisions\/46410"}],"wp:featuredmedia":[{"embeddable":true,"href":"http:\/\/www.portalmantena.com.br\/novo\/index.php?rest_route=\/wp\/v2\/media\/46409"}],"wp:attachment":[{"href":"http:\/\/www.portalmantena.com.br\/novo\/index.php?rest_route=%2Fwp%2Fv2%2Fmedia&parent=46407"}],"wp:term":[{"taxonomy":"category","embeddable":true,"href":"http:\/\/www.portalmantena.com.br\/novo\/index.php?rest_route=%2Fwp%2Fv2%2Fcategories&post=46407"},{"taxonomy":"post_tag","embeddable":true,"href":"http:\/\/www.portalmantena.com.br\/novo\/index.php?rest_route=%2Fwp%2Fv2%2Ftags&post=46407"}],"curies":[{"name":"wp","href":"https:\/\/api.w.org\/{rel}","templated":true}]}}