{"id":46401,"date":"2019-04-30T08:37:46","date_gmt":"2019-04-30T11:37:46","guid":{"rendered":"http:\/\/www.portalmantena.com.br\/novo\/?p=46401"},"modified":"2019-04-30T08:37:46","modified_gmt":"2019-04-30T11:37:46","slug":"mantena-ultimos-ajustes-para-a-caminhada-ecologica","status":"publish","type":"post","link":"http:\/\/www.portalmantena.com.br\/novo\/?p=46401","title":{"rendered":"Mantena: \u00daltimos ajustes para a Caminhada Ecol\u00f3gica"},"content":{"rendered":"<p><a href=\"http:\/\/www.portalmantena.com.br\/novo\/wp-content\/uploads\/2019\/04\/no300419pedra2.jpg\"><img loading=\"lazy\" class=\"alignnone size-full wp-image-46403\" src=\"http:\/\/www.portalmantena.com.br\/novo\/wp-content\/uploads\/2019\/04\/no300419pedra2.jpg\" alt=\"\" width=\"700\" height=\"450\" srcset=\"http:\/\/www.portalmantena.com.br\/novo\/wp-content\/uploads\/2019\/04\/no300419pedra2.jpg 700w, http:\/\/www.portalmantena.com.br\/novo\/wp-content\/uploads\/2019\/04\/no300419pedra2-300x193.jpg 300w, http:\/\/www.portalmantena.com.br\/novo\/wp-content\/uploads\/2019\/04\/no300419pedra2-696x447.jpg 696w, http:\/\/www.portalmantena.com.br\/novo\/wp-content\/uploads\/2019\/04\/no300419pedra2-653x420.jpg 653w\" sizes=\"(max-width: 700px) 100vw, 700px\" \/><\/a><\/p>\n<p><span style=\"font-size: 14pt;\">Quase tudo pronto para o in\u00edcio da Caminhada Ecol\u00f3gica do Trabalhador, que ser\u00e1 realizada em Mantena neste feriado de 1\u00ba de Maio. <\/span><\/p>\n<p><span style=\"font-size: 14pt;\">O organizador Nivaldo, da Academia Profit, j\u00e1 nos informou que as inscri\u00e7\u00f5es est\u00e3o fechadas desde a \u00faltima sexta-feira, e que o evento ser\u00e1 um sucesso com mais de 100 inscritos e a expectativa de um evento que marcar\u00e1 o g\u00eanero de aventura aliada \u00e0 uma caminhada ecol\u00f3gica, que \u00e9 um dos objetivos deste evento. <\/span><\/p>\n<p><span style=\"font-size: 14pt;\">Para deixar tudo dentro do cronograma previsto para a realiza\u00e7\u00e3o de um excelente evento, uma manuten\u00e7\u00e3o foi feita na trilha que d\u00e1 acesso ao alto da Pedra do Emiliano (roteiro da caminhada). <\/span><\/p>\n<p><span style=\"font-size: 14pt;\">Uma equipe da Secretaria de Meio Ambiente do munic\u00edpio de Mantena esteve realizando uma limpeza na trilha, pois com as \u00faltimas chuva, o mato havia crescido. <\/span><\/p>\n<p><span style=\"font-size: 14pt;\">Com estes ajustes e ainda a log\u00edstica da seguran\u00e7a no local do trajeto, de acordo com Nivaldo, est\u00e1 praticamente tudo pronto para que na manh\u00e3 desta quarta-feira o evento se realize com a prote\u00e7\u00e3o do nosso Deus, e com certeza ser\u00e1 um sucesso, pois a expectativa \u00e9 grande. <\/span><\/p>\n<p><span style=\"font-size: 14pt;\">Para os que ir\u00e3o participar do evento, muito importante n\u00e3o esquecer, a partir das 5h30\u2019, sa\u00edda da Pra\u00e7a Fernandes Filho, no centro de Mantena.<\/span><\/p>\n<p><a href=\"http:\/\/www.portalmantena.com.br\/novo\/wp-content\/uploads\/2019\/04\/no300419pedra1.jpg\"><img loading=\"lazy\" class=\"alignnone size-full wp-image-46402\" src=\"http:\/\/www.portalmantena.com.br\/novo\/wp-content\/uploads\/2019\/04\/no300419pedra1.jpg\" alt=\"\" width=\"700\" height=\"450\" srcset=\"http:\/\/www.portalmantena.com.br\/novo\/wp-content\/uploads\/2019\/04\/no300419pedra1.jpg 700w, http:\/\/www.portalmantena.com.br\/novo\/wp-content\/uploads\/2019\/04\/no300419pedra1-300x193.jpg 300w, http:\/\/www.portalmantena.com.br\/novo\/wp-content\/uploads\/2019\/04\/no300419pedra1-696x447.jpg 696w, http:\/\/www.portalmantena.com.br\/novo\/wp-content\/uploads\/2019\/04\/no300419pedra1-653x420.jpg 653w\" sizes=\"(max-width: 700px) 100vw, 700px\" \/><\/a> <a href=\"http:\/\/www.portalmantena.com.br\/novo\/wp-content\/uploads\/2019\/04\/no300419pedra3.jpg\"><img loading=\"lazy\" class=\"alignnone size-full wp-image-46404\" src=\"http:\/\/www.portalmantena.com.br\/novo\/wp-content\/uploads\/2019\/04\/no300419pedra3.jpg\" alt=\"\" width=\"700\" height=\"450\" srcset=\"http:\/\/www.portalmantena.com.br\/novo\/wp-content\/uploads\/2019\/04\/no300419pedra3.jpg 700w, http:\/\/www.portalmantena.com.br\/novo\/wp-content\/uploads\/2019\/04\/no300419pedra3-300x193.jpg 300w, http:\/\/www.portalmantena.com.br\/novo\/wp-content\/uploads\/2019\/04\/no300419pedra3-696x447.jpg 696w, http:\/\/www.portalmantena.com.br\/novo\/wp-content\/uploads\/2019\/04\/no300419pedra3-653x420.jpg 653w\" sizes=\"(max-width: 700px) 100vw, 700px\" \/><\/a><a href=\"http:\/\/www.portalmantena.com.br\/novo\/\"><img loading=\"lazy\" class=\"alignnone size-full wp-image-37331\" src=\"http:\/\/www.portalmantena.com.br\/novo\/wp-content\/uploads\/2018\/05\/faixaportalnoticias5.jpg\" alt=\"\" width=\"700\" height=\"40\" srcset=\"http:\/\/www.portalmantena.com.br\/novo\/wp-content\/uploads\/2018\/05\/faixaportalnoticias5.jpg 700w, http:\/\/www.portalmantena.com.br\/novo\/wp-content\/uploads\/2018\/05\/faixaportalnoticias5-300x17.jpg 300w, http:\/\/www.portalmantena.com.br\/novo\/wp-content\/uploads\/2018\/05\/faixaportalnoticias5-696x40.jpg 696w\" sizes=\"(max-width: 700px) 100vw, 700px\" \/><\/a><\/p>\n<p><span style=\"font-size: 10pt;\">ESPA\u00c7O EMPRESARIAL<\/span><a href=\"http:\/\/www.portalmantena.com.br\/novo\/?p=45353\"><img loading=\"lazy\" class=\"alignnone size-full wp-image-45351\" src=\"http:\/\/www.portalmantena.com.br\/novo\/wp-content\/uploads\/2018\/11\/uni020419banner.jpg\" alt=\"\" width=\"700\" height=\"150\" srcset=\"http:\/\/www.portalmantena.com.br\/novo\/wp-content\/uploads\/2018\/11\/uni020419banner.jpg 700w, http:\/\/www.portalmantena.com.br\/novo\/wp-content\/uploads\/2018\/11\/uni020419banner-300x64.jpg 300w, http:\/\/www.portalmantena.com.br\/novo\/wp-content\/uploads\/2018\/11\/uni020419banner-696x150.jpg 696w\" sizes=\"(max-width: 700px) 100vw, 700px\" \/><\/a><\/p>\n","protected":false},"excerpt":{"rendered":"<p>Quase tudo pronto para o in\u00edcio da Caminhada Ecol\u00f3gica do Trabalhador, que ser\u00e1 realizada em Mantena neste feriado de 1\u00ba de Maio. O organizador Nivaldo, da Academia Profit, j\u00e1 nos informou que as inscri\u00e7\u00f5es est\u00e3o fechadas desde a \u00faltima sexta-feira, e que o evento ser\u00e1 um sucesso com mais de 100 inscritos e a expectativa [&hellip;]<\/p>\n","protected":false},"author":1,"featured_media":46403,"comment_status":"open","ping_status":"open","sticky":false,"template":"","format":"standard","meta":[],"categories":[36,12],"tags":[],"_links":{"self":[{"href":"http:\/\/www.portalmantena.com.br\/novo\/index.php?rest_route=\/wp\/v2\/posts\/46401"}],"collection":[{"href":"http:\/\/www.portalmantena.com.br\/novo\/index.php?rest_route=\/wp\/v2\/posts"}],"about":[{"href":"http:\/\/www.portalmantena.com.br\/novo\/index.php?rest_route=\/wp\/v2\/types\/post"}],"author":[{"embeddable":true,"href":"http:\/\/www.portalmantena.com.br\/novo\/index.php?rest_route=\/wp\/v2\/users\/1"}],"replies":[{"embeddable":true,"href":"http:\/\/www.portalmantena.com.br\/novo\/index.php?rest_route=%2Fwp%2Fv2%2Fcomments&post=46401"}],"version-history":[{"count":1,"href":"http:\/\/www.portalmantena.com.br\/novo\/index.php?rest_route=\/wp\/v2\/posts\/46401\/revisions"}],"predecessor-version":[{"id":46405,"href":"http:\/\/www.portalmantena.com.br\/novo\/index.php?rest_route=\/wp\/v2\/posts\/46401\/revisions\/46405"}],"wp:featuredmedia":[{"embeddable":true,"href":"http:\/\/www.portalmantena.com.br\/novo\/index.php?rest_route=\/wp\/v2\/media\/46403"}],"wp:attachment":[{"href":"http:\/\/www.portalmantena.com.br\/novo\/index.php?rest_route=%2Fwp%2Fv2%2Fmedia&parent=46401"}],"wp:term":[{"taxonomy":"category","embeddable":true,"href":"http:\/\/www.portalmantena.com.br\/novo\/index.php?rest_route=%2Fwp%2Fv2%2Fcategories&post=46401"},{"taxonomy":"post_tag","embeddable":true,"href":"http:\/\/www.portalmantena.com.br\/novo\/index.php?rest_route=%2Fwp%2Fv2%2Ftags&post=46401"}],"curies":[{"name":"wp","href":"https:\/\/api.w.org\/{rel}","templated":true}]}}