{"id":46346,"date":"2019-04-29T15:55:54","date_gmt":"2019-04-29T18:55:54","guid":{"rendered":"http:\/\/www.portalmantena.com.br\/novo\/?p=46346"},"modified":"2019-04-29T15:55:54","modified_gmt":"2019-04-29T18:55:54","slug":"ciclistas-estarao-presentes-na-caminhada-ecologica","status":"publish","type":"post","link":"http:\/\/www.portalmantena.com.br\/novo\/?p=46346","title":{"rendered":"Ciclistas estar\u00e3o presentes na Caminhada Ecol\u00f3gica"},"content":{"rendered":"<p><a href=\"http:\/\/www.portalmantena.com.br\/novo\/wp-content\/uploads\/2019\/04\/vi290419aniel1.jpg\"><img loading=\"lazy\" class=\"alignnone size-full wp-image-46347\" src=\"http:\/\/www.portalmantena.com.br\/novo\/wp-content\/uploads\/2019\/04\/vi290419aniel1.jpg\" alt=\"\" width=\"700\" height=\"450\" srcset=\"http:\/\/www.portalmantena.com.br\/novo\/wp-content\/uploads\/2019\/04\/vi290419aniel1.jpg 700w, http:\/\/www.portalmantena.com.br\/novo\/wp-content\/uploads\/2019\/04\/vi290419aniel1-300x193.jpg 300w, http:\/\/www.portalmantena.com.br\/novo\/wp-content\/uploads\/2019\/04\/vi290419aniel1-696x447.jpg 696w, http:\/\/www.portalmantena.com.br\/novo\/wp-content\/uploads\/2019\/04\/vi290419aniel1-653x420.jpg 653w\" sizes=\"(max-width: 700px) 100vw, 700px\" \/><\/a><\/p>\n<p><span style=\"font-size: 14pt;\">A realiza\u00e7\u00e3o da Caminhada Ecol\u00f3gica do Trabalhador, que ser\u00e1 realizada neste feriado de 1\u00ba de Maio, vem movimentando os bastidores do esporte Mantenense. <\/span><\/p>\n<p><span style=\"font-size: 14pt;\">O nosso amigo Aniel Farias, que \u00e9 um ciclista que est\u00e1 sempre nas competi\u00e7\u00f5es e eventos do g\u00eanero, juntamente com outros amigos ciclistas, j\u00e1 confirmaram presen\u00e7a neste evento em Mantena. <\/span><\/p>\n<p><span style=\"font-size: 14pt;\">Ser\u00e1 sem d\u00favida mais um dos grandes e belos momentos de aventura, adrenalina e de contato com a natureza, ali\u00e1s, uma bela natureza que nos certa, e o roteiro ser\u00e1 o Alto da Pedra do Emiliano.\u00a0<\/span><\/p>\n<p><a href=\"http:\/\/www.portalmantena.com.br\/novo\/wp-content\/uploads\/2019\/04\/vi290419aniel2.jpg\"><img loading=\"lazy\" class=\"alignnone size-full wp-image-46348\" src=\"http:\/\/www.portalmantena.com.br\/novo\/wp-content\/uploads\/2019\/04\/vi290419aniel2.jpg\" alt=\"\" width=\"700\" height=\"450\" srcset=\"http:\/\/www.portalmantena.com.br\/novo\/wp-content\/uploads\/2019\/04\/vi290419aniel2.jpg 700w, http:\/\/www.portalmantena.com.br\/novo\/wp-content\/uploads\/2019\/04\/vi290419aniel2-300x193.jpg 300w, http:\/\/www.portalmantena.com.br\/novo\/wp-content\/uploads\/2019\/04\/vi290419aniel2-696x447.jpg 696w, http:\/\/www.portalmantena.com.br\/novo\/wp-content\/uploads\/2019\/04\/vi290419aniel2-653x420.jpg 653w\" sizes=\"(max-width: 700px) 100vw, 700px\" \/><\/a><a href=\"http:\/\/www.portalmantena.com.br\/novo\/\"><img loading=\"lazy\" class=\"alignnone size-full wp-image-37296\" src=\"http:\/\/www.portalmantena.com.br\/novo\/wp-content\/uploads\/2018\/05\/faixavitrine2.jpg\" alt=\"\" width=\"700\" height=\"40\" srcset=\"http:\/\/www.portalmantena.com.br\/novo\/wp-content\/uploads\/2018\/05\/faixavitrine2.jpg 700w, http:\/\/www.portalmantena.com.br\/novo\/wp-content\/uploads\/2018\/05\/faixavitrine2-300x17.jpg 300w, http:\/\/www.portalmantena.com.br\/novo\/wp-content\/uploads\/2018\/05\/faixavitrine2-696x40.jpg 696w\" sizes=\"(max-width: 700px) 100vw, 700px\" \/><\/a><\/p>\n<p><span style=\"font-size: 10pt;\">ESPA\u00c7O EMPRESARIAL<\/span><a href=\"http:\/\/www.portalmantena.com.br\/novo\/wp-content\/uploads\/2018\/05\/postoterraboa.jpg\"><img loading=\"lazy\" class=\"alignnone size-full wp-image-29172\" src=\"http:\/\/www.portalmantena.com.br\/novo\/wp-content\/uploads\/2018\/05\/postoterraboa.jpg\" alt=\"\" width=\"700\" height=\"150\" srcset=\"http:\/\/www.portalmantena.com.br\/novo\/wp-content\/uploads\/2018\/05\/postoterraboa.jpg 700w, http:\/\/www.portalmantena.com.br\/novo\/wp-content\/uploads\/2018\/05\/postoterraboa-300x64.jpg 300w, http:\/\/www.portalmantena.com.br\/novo\/wp-content\/uploads\/2018\/05\/postoterraboa-696x150.jpg 696w\" sizes=\"(max-width: 700px) 100vw, 700px\" \/><\/a><\/p>\n","protected":false},"excerpt":{"rendered":"<p>A realiza\u00e7\u00e3o da Caminhada Ecol\u00f3gica do Trabalhador, que ser\u00e1 realizada neste feriado de 1\u00ba de Maio, vem movimentando os bastidores do esporte Mantenense. O nosso amigo Aniel Farias, que \u00e9 um ciclista que est\u00e1 sempre nas competi\u00e7\u00f5es e eventos do g\u00eanero, juntamente com outros amigos ciclistas, j\u00e1 confirmaram presen\u00e7a neste evento em Mantena. Ser\u00e1 sem [&hellip;]<\/p>\n","protected":false},"author":1,"featured_media":46347,"comment_status":"open","ping_status":"open","sticky":false,"template":"","format":"standard","meta":[],"categories":[7],"tags":[],"_links":{"self":[{"href":"http:\/\/www.portalmantena.com.br\/novo\/index.php?rest_route=\/wp\/v2\/posts\/46346"}],"collection":[{"href":"http:\/\/www.portalmantena.com.br\/novo\/index.php?rest_route=\/wp\/v2\/posts"}],"about":[{"href":"http:\/\/www.portalmantena.com.br\/novo\/index.php?rest_route=\/wp\/v2\/types\/post"}],"author":[{"embeddable":true,"href":"http:\/\/www.portalmantena.com.br\/novo\/index.php?rest_route=\/wp\/v2\/users\/1"}],"replies":[{"embeddable":true,"href":"http:\/\/www.portalmantena.com.br\/novo\/index.php?rest_route=%2Fwp%2Fv2%2Fcomments&post=46346"}],"version-history":[{"count":1,"href":"http:\/\/www.portalmantena.com.br\/novo\/index.php?rest_route=\/wp\/v2\/posts\/46346\/revisions"}],"predecessor-version":[{"id":46349,"href":"http:\/\/www.portalmantena.com.br\/novo\/index.php?rest_route=\/wp\/v2\/posts\/46346\/revisions\/46349"}],"wp:featuredmedia":[{"embeddable":true,"href":"http:\/\/www.portalmantena.com.br\/novo\/index.php?rest_route=\/wp\/v2\/media\/46347"}],"wp:attachment":[{"href":"http:\/\/www.portalmantena.com.br\/novo\/index.php?rest_route=%2Fwp%2Fv2%2Fmedia&parent=46346"}],"wp:term":[{"taxonomy":"category","embeddable":true,"href":"http:\/\/www.portalmantena.com.br\/novo\/index.php?rest_route=%2Fwp%2Fv2%2Fcategories&post=46346"},{"taxonomy":"post_tag","embeddable":true,"href":"http:\/\/www.portalmantena.com.br\/novo\/index.php?rest_route=%2Fwp%2Fv2%2Ftags&post=46346"}],"curies":[{"name":"wp","href":"https:\/\/api.w.org\/{rel}","templated":true}]}}