{"id":46285,"date":"2019-04-26T16:28:25","date_gmt":"2019-04-26T19:28:25","guid":{"rendered":"http:\/\/www.portalmantena.com.br\/novo\/?p=46285"},"modified":"2019-04-26T16:28:25","modified_gmt":"2019-04-26T19:28:25","slug":"26abr-quebra-molas-sendo-feitos-na-av-antonio-firmino","status":"publish","type":"post","link":"http:\/\/www.portalmantena.com.br\/novo\/?p=46285","title":{"rendered":"26ABR &#8211; Quebra molas sendo feitos na Av. Ant\u00f4nio Firmino"},"content":{"rendered":"<p><strong><a href=\"http:\/\/www.portalmantena.com.br\/novo\/wp-content\/uploads\/2017\/06\/diabaner-1.jpg\"><img loading=\"lazy\" class=\"alignnone size-full wp-image-8000\" src=\"http:\/\/www.portalmantena.com.br\/novo\/wp-content\/uploads\/2017\/06\/diabaner-1.jpg\" alt=\"\" width=\"650\" height=\"100\" srcset=\"http:\/\/www.portalmantena.com.br\/novo\/wp-content\/uploads\/2017\/06\/diabaner-1.jpg 650w, http:\/\/www.portalmantena.com.br\/novo\/wp-content\/uploads\/2017\/06\/diabaner-1-300x46.jpg 300w\" sizes=\"(max-width: 650px) 100vw, 650px\" \/><\/a><\/strong><a href=\"http:\/\/www.portalmantena.com.br\/novo\/wp-content\/uploads\/2019\/04\/dia260419a.jpg\"><img loading=\"lazy\" class=\"alignnone size-full wp-image-46286\" src=\"http:\/\/www.portalmantena.com.br\/novo\/wp-content\/uploads\/2019\/04\/dia260419a.jpg\" alt=\"\" width=\"700\" height=\"450\" srcset=\"http:\/\/www.portalmantena.com.br\/novo\/wp-content\/uploads\/2019\/04\/dia260419a.jpg 700w, http:\/\/www.portalmantena.com.br\/novo\/wp-content\/uploads\/2019\/04\/dia260419a-300x193.jpg 300w, http:\/\/www.portalmantena.com.br\/novo\/wp-content\/uploads\/2019\/04\/dia260419a-696x447.jpg 696w, http:\/\/www.portalmantena.com.br\/novo\/wp-content\/uploads\/2019\/04\/dia260419a-653x420.jpg 653w\" sizes=\"(max-width: 700px) 100vw, 700px\" \/><\/a><\/p>\n<p><strong>26 de Abril<\/strong>\u00a0&#8211;\u00a0Ap\u00f3s in\u00fameros acidentes registrados, inclusive com mortes, e muitas solicita\u00e7\u00f5es feitas junto ao executivo municipal, iniciou na tarde desta sexta-feira a constru\u00e7\u00e3o de pelo menos dois quebra-molas (redutores de velocidade), na avenida Ant\u00f4nio Firmino, no bairro Vila Nova.<\/p>\n<p>Um dos quebra-molas (foto), est\u00e1 sendo feito pr\u00f3ximo ao pr\u00e9dio da Via\u00e7\u00e3o \u00c1guia Branca, e o segundo ser\u00e1 constru\u00eddo pr\u00f3ximo ao templo da Igreja Batista. A reivindica\u00e7\u00e3o dos moradores para a coloca\u00e7\u00e3o destes redutores vem justamente pela falta de respeito de motorista e motociclistas com rela\u00e7\u00e3o \u00e0 velocidade.<\/p>\n<p>Mesmo com as campanhas, sinaliza\u00e7\u00f5es chamando aten\u00e7\u00e3o para a velocidade permitida nestes trechos urbanos, muitos n\u00e3o respeitam, desta forma n\u00e3o se v\u00ea outra alternativa a n\u00e3o ser a instala\u00e7\u00e3o destes redutores, que agora passam a se tornar realidade.<\/p>\n<p><a href=\"http:\/\/www.portalmantena.com.br\/novo\/\"><img loading=\"lazy\" class=\"alignnone size-full wp-image-37331\" src=\"http:\/\/www.portalmantena.com.br\/novo\/wp-content\/uploads\/2018\/05\/faixaportalnoticias5.jpg\" alt=\"\" width=\"700\" height=\"40\" srcset=\"http:\/\/www.portalmantena.com.br\/novo\/wp-content\/uploads\/2018\/05\/faixaportalnoticias5.jpg 700w, http:\/\/www.portalmantena.com.br\/novo\/wp-content\/uploads\/2018\/05\/faixaportalnoticias5-300x17.jpg 300w, http:\/\/www.portalmantena.com.br\/novo\/wp-content\/uploads\/2018\/05\/faixaportalnoticias5-696x40.jpg 696w\" sizes=\"(max-width: 700px) 100vw, 700px\" \/><\/a><\/p>\n<p><span style=\"font-size: 10pt;\">ESPA\u00c7O EMPRESARIAL<\/span><a href=\"http:\/\/www.temposolar.com.br\/\"><img loading=\"lazy\" class=\"alignnone size-full wp-image-44084\" src=\"http:\/\/www.portalmantena.com.br\/novo\/wp-content\/uploads\/2018\/05\/temposolarbb.jpg\" alt=\"\" width=\"700\" height=\"150\" srcset=\"http:\/\/www.portalmantena.com.br\/novo\/wp-content\/uploads\/2018\/05\/temposolarbb.jpg 700w, http:\/\/www.portalmantena.com.br\/novo\/wp-content\/uploads\/2018\/05\/temposolarbb-300x64.jpg 300w, http:\/\/www.portalmantena.com.br\/novo\/wp-content\/uploads\/2018\/05\/temposolarbb-696x150.jpg 696w\" sizes=\"(max-width: 700px) 100vw, 700px\" \/><\/a><\/p>\n","protected":false},"excerpt":{"rendered":"<p>26 de Abril\u00a0&#8211;\u00a0Ap\u00f3s in\u00fameros acidentes registrados, inclusive com mortes, e muitas solicita\u00e7\u00f5es feitas junto ao executivo municipal, iniciou na tarde desta sexta-feira a constru\u00e7\u00e3o de pelo menos dois quebra-molas (redutores de velocidade), na avenida Ant\u00f4nio Firmino, no bairro Vila Nova. Um dos quebra-molas (foto), est\u00e1 sendo feito pr\u00f3ximo ao pr\u00e9dio da Via\u00e7\u00e3o \u00c1guia Branca, e [&hellip;]<\/p>\n","protected":false},"author":1,"featured_media":46286,"comment_status":"open","ping_status":"open","sticky":false,"template":"","format":"standard","meta":[],"categories":[50],"tags":[],"_links":{"self":[{"href":"http:\/\/www.portalmantena.com.br\/novo\/index.php?rest_route=\/wp\/v2\/posts\/46285"}],"collection":[{"href":"http:\/\/www.portalmantena.com.br\/novo\/index.php?rest_route=\/wp\/v2\/posts"}],"about":[{"href":"http:\/\/www.portalmantena.com.br\/novo\/index.php?rest_route=\/wp\/v2\/types\/post"}],"author":[{"embeddable":true,"href":"http:\/\/www.portalmantena.com.br\/novo\/index.php?rest_route=\/wp\/v2\/users\/1"}],"replies":[{"embeddable":true,"href":"http:\/\/www.portalmantena.com.br\/novo\/index.php?rest_route=%2Fwp%2Fv2%2Fcomments&post=46285"}],"version-history":[{"count":1,"href":"http:\/\/www.portalmantena.com.br\/novo\/index.php?rest_route=\/wp\/v2\/posts\/46285\/revisions"}],"predecessor-version":[{"id":46287,"href":"http:\/\/www.portalmantena.com.br\/novo\/index.php?rest_route=\/wp\/v2\/posts\/46285\/revisions\/46287"}],"wp:featuredmedia":[{"embeddable":true,"href":"http:\/\/www.portalmantena.com.br\/novo\/index.php?rest_route=\/wp\/v2\/media\/46286"}],"wp:attachment":[{"href":"http:\/\/www.portalmantena.com.br\/novo\/index.php?rest_route=%2Fwp%2Fv2%2Fmedia&parent=46285"}],"wp:term":[{"taxonomy":"category","embeddable":true,"href":"http:\/\/www.portalmantena.com.br\/novo\/index.php?rest_route=%2Fwp%2Fv2%2Fcategories&post=46285"},{"taxonomy":"post_tag","embeddable":true,"href":"http:\/\/www.portalmantena.com.br\/novo\/index.php?rest_route=%2Fwp%2Fv2%2Ftags&post=46285"}],"curies":[{"name":"wp","href":"https:\/\/api.w.org\/{rel}","templated":true}]}}