{"id":46258,"date":"2019-04-28T23:02:37","date_gmt":"2019-04-29T02:02:37","guid":{"rendered":"http:\/\/www.portalmantena.com.br\/novo\/?p=46258"},"modified":"2019-05-02T14:15:15","modified_gmt":"2019-05-02T17:15:15","slug":"seguranca-foi-tema-de-reuniao-na-camara-em-central-de-minas","status":"publish","type":"post","link":"http:\/\/www.portalmantena.com.br\/novo\/?p=46258","title":{"rendered":"Seguran\u00e7a foi tema de reuni\u00e3o na C\u00e2mara em Central de Minas"},"content":{"rendered":"<p><a href=\"http:\/\/www.portalmantena.com.br\/novo\/wp-content\/uploads\/2019\/04\/no260419central1.jpg\"><img loading=\"lazy\" class=\"alignnone size-full wp-image-46260\" src=\"http:\/\/www.portalmantena.com.br\/novo\/wp-content\/uploads\/2019\/04\/no260419central1.jpg\" alt=\"\" width=\"700\" height=\"450\" srcset=\"http:\/\/www.portalmantena.com.br\/novo\/wp-content\/uploads\/2019\/04\/no260419central1.jpg 700w, http:\/\/www.portalmantena.com.br\/novo\/wp-content\/uploads\/2019\/04\/no260419central1-300x193.jpg 300w, http:\/\/www.portalmantena.com.br\/novo\/wp-content\/uploads\/2019\/04\/no260419central1-696x447.jpg 696w, http:\/\/www.portalmantena.com.br\/novo\/wp-content\/uploads\/2019\/04\/no260419central1-653x420.jpg 653w\" sizes=\"(max-width: 700px) 100vw, 700px\" \/><\/a><\/p>\n<p><span style=\"font-size: 14pt;\">Na quinta-feira (26), uma reuni\u00e3o importante foi realizada nas depend\u00eancias da C\u00e2mara Municipal de Vereadores na cidade de Central de Minas, onde o assunto tratado foi seguran\u00e7a p\u00fablica. <\/span><\/p>\n<p><span style=\"font-size: 14pt;\">O encontro agendado pelo vereador Kuquinha, reuniu policiais militares, o prefeito municipal e vereadores em torno deste assunto que tem preocupado a comunidade. <\/span><\/p>\n<p><span style=\"font-size: 14pt;\">A reuni\u00e3o foi utilizada para a apresenta\u00e7\u00e3o, pela pol\u00edcia militar, de uma minuta que tem por objetivo ser transformada em Projeto de Lei, efetivando medidas de seguran\u00e7a que dever\u00e3o sem aplicadas na seguran\u00e7a de ag\u00eancias banc\u00e1rias bem como em estabelecimentos que trabalham com recebimentos diversos de valores. <\/span><\/p>\n<p><span style=\"font-size: 14pt;\">De acordo como vereador Kuquinha, em conversa com a reda\u00e7\u00e3o do portalmantena, a id\u00e9ia \u00e9 tamb\u00e9m ampliar a abrang\u00eancia deste projeto, alcan\u00e7ando tamb\u00e9m com\u00e9rcios de grande porte na cidade. <\/span><\/p>\n<p><span style=\"font-size: 14pt;\">O projeto deve promover a participa\u00e7\u00e3o efetiva do pr\u00f3prio empresariado (comerciante), viabilizando inclusive a instala\u00e7\u00e3o de c\u00e2meras de vigil\u00e2ncia. <\/span><\/p>\n<p><span style=\"font-size: 14pt;\">Uma a\u00e7\u00e3o que com certeza com o envolvimento de todos representar\u00e1 uma maior seguran\u00e7a para a pr\u00f3pria comunidade t\u00e3o assustada com os \u00faltimos acontecimentos, principalmente com a migra\u00e7\u00e3o da criminalidade para as cidades do interior.<\/span><\/p>\n<p><a href=\"http:\/\/www.portalmantena.com.br\/novo\/wp-content\/uploads\/2019\/04\/no260419central2.jpg\"><img loading=\"lazy\" class=\"alignnone size-full wp-image-46261\" src=\"http:\/\/www.portalmantena.com.br\/novo\/wp-content\/uploads\/2019\/04\/no260419central2.jpg\" alt=\"\" width=\"700\" height=\"450\" srcset=\"http:\/\/www.portalmantena.com.br\/novo\/wp-content\/uploads\/2019\/04\/no260419central2.jpg 700w, http:\/\/www.portalmantena.com.br\/novo\/wp-content\/uploads\/2019\/04\/no260419central2-300x193.jpg 300w, http:\/\/www.portalmantena.com.br\/novo\/wp-content\/uploads\/2019\/04\/no260419central2-696x447.jpg 696w, http:\/\/www.portalmantena.com.br\/novo\/wp-content\/uploads\/2019\/04\/no260419central2-653x420.jpg 653w\" sizes=\"(max-width: 700px) 100vw, 700px\" \/><\/a> <a href=\"http:\/\/www.portalmantena.com.br\/novo\/wp-content\/uploads\/2019\/04\/no260419central3.jpg\"><img loading=\"lazy\" class=\"alignnone size-full wp-image-46262\" src=\"http:\/\/www.portalmantena.com.br\/novo\/wp-content\/uploads\/2019\/04\/no260419central3.jpg\" alt=\"\" width=\"700\" height=\"450\" srcset=\"http:\/\/www.portalmantena.com.br\/novo\/wp-content\/uploads\/2019\/04\/no260419central3.jpg 700w, http:\/\/www.portalmantena.com.br\/novo\/wp-content\/uploads\/2019\/04\/no260419central3-300x193.jpg 300w, http:\/\/www.portalmantena.com.br\/novo\/wp-content\/uploads\/2019\/04\/no260419central3-696x447.jpg 696w, http:\/\/www.portalmantena.com.br\/novo\/wp-content\/uploads\/2019\/04\/no260419central3-653x420.jpg 653w\" sizes=\"(max-width: 700px) 100vw, 700px\" \/><\/a><a href=\"http:\/\/www.portalmantena.com.br\/novo\/\"><img loading=\"lazy\" class=\"alignnone size-full wp-image-37331\" src=\"http:\/\/www.portalmantena.com.br\/novo\/wp-content\/uploads\/2018\/05\/faixaportalnoticias5.jpg\" alt=\"\" width=\"700\" height=\"40\" srcset=\"http:\/\/www.portalmantena.com.br\/novo\/wp-content\/uploads\/2018\/05\/faixaportalnoticias5.jpg 700w, http:\/\/www.portalmantena.com.br\/novo\/wp-content\/uploads\/2018\/05\/faixaportalnoticias5-300x17.jpg 300w, http:\/\/www.portalmantena.com.br\/novo\/wp-content\/uploads\/2018\/05\/faixaportalnoticias5-696x40.jpg 696w\" sizes=\"(max-width: 700px) 100vw, 700px\" \/><\/a><\/p>\n<p><span style=\"font-size: 10pt;\">ESPA\u00c7O EMPRESARIAL<\/span><a href=\"https:\/\/www.facebook.com\/profile.php?id=100004934627949&amp;fref=ts\"><img loading=\"lazy\" class=\"alignnone size-full wp-image-36918\" src=\"http:\/\/www.portalmantena.com.br\/novo\/wp-content\/uploads\/2018\/05\/printcolor120918banner.jpg\" alt=\"\" width=\"700\" height=\"150\" srcset=\"http:\/\/www.portalmantena.com.br\/novo\/wp-content\/uploads\/2018\/05\/printcolor120918banner.jpg 700w, http:\/\/www.portalmantena.com.br\/novo\/wp-content\/uploads\/2018\/05\/printcolor120918banner-300x64.jpg 300w, http:\/\/www.portalmantena.com.br\/novo\/wp-content\/uploads\/2018\/05\/printcolor120918banner-696x150.jpg 696w\" sizes=\"(max-width: 700px) 100vw, 700px\" \/><\/a><\/p>\n","protected":false},"excerpt":{"rendered":"<p>Na quinta-feira (26), uma reuni\u00e3o importante foi realizada nas depend\u00eancias da C\u00e2mara Municipal de Vereadores na cidade de Central de Minas, onde o assunto tratado foi seguran\u00e7a p\u00fablica. O encontro agendado pelo vereador Kuquinha, reuniu policiais militares, o prefeito municipal e vereadores em torno deste assunto que tem preocupado a comunidade. A reuni\u00e3o foi utilizada [&hellip;]<\/p>\n","protected":false},"author":1,"featured_media":46260,"comment_status":"open","ping_status":"open","sticky":false,"template":"","format":"standard","meta":[],"categories":[69,34,39],"tags":[],"_links":{"self":[{"href":"http:\/\/www.portalmantena.com.br\/novo\/index.php?rest_route=\/wp\/v2\/posts\/46258"}],"collection":[{"href":"http:\/\/www.portalmantena.com.br\/novo\/index.php?rest_route=\/wp\/v2\/posts"}],"about":[{"href":"http:\/\/www.portalmantena.com.br\/novo\/index.php?rest_route=\/wp\/v2\/types\/post"}],"author":[{"embeddable":true,"href":"http:\/\/www.portalmantena.com.br\/novo\/index.php?rest_route=\/wp\/v2\/users\/1"}],"replies":[{"embeddable":true,"href":"http:\/\/www.portalmantena.com.br\/novo\/index.php?rest_route=%2Fwp%2Fv2%2Fcomments&post=46258"}],"version-history":[{"count":1,"href":"http:\/\/www.portalmantena.com.br\/novo\/index.php?rest_route=\/wp\/v2\/posts\/46258\/revisions"}],"predecessor-version":[{"id":46263,"href":"http:\/\/www.portalmantena.com.br\/novo\/index.php?rest_route=\/wp\/v2\/posts\/46258\/revisions\/46263"}],"wp:featuredmedia":[{"embeddable":true,"href":"http:\/\/www.portalmantena.com.br\/novo\/index.php?rest_route=\/wp\/v2\/media\/46260"}],"wp:attachment":[{"href":"http:\/\/www.portalmantena.com.br\/novo\/index.php?rest_route=%2Fwp%2Fv2%2Fmedia&parent=46258"}],"wp:term":[{"taxonomy":"category","embeddable":true,"href":"http:\/\/www.portalmantena.com.br\/novo\/index.php?rest_route=%2Fwp%2Fv2%2Fcategories&post=46258"},{"taxonomy":"post_tag","embeddable":true,"href":"http:\/\/www.portalmantena.com.br\/novo\/index.php?rest_route=%2Fwp%2Fv2%2Ftags&post=46258"}],"curies":[{"name":"wp","href":"https:\/\/api.w.org\/{rel}","templated":true}]}}