{"id":46241,"date":"2019-04-26T21:33:14","date_gmt":"2019-04-27T00:33:14","guid":{"rendered":"http:\/\/www.portalmantena.com.br\/novo\/?p=46241"},"modified":"2019-04-29T08:20:01","modified_gmt":"2019-04-29T11:20:01","slug":"policiais-da-18-cia-pm-realizaram-a-operacao-tiradentes-na-regiao","status":"publish","type":"post","link":"http:\/\/www.portalmantena.com.br\/novo\/?p=46241","title":{"rendered":"Policiais da 18 Cia PM realizaram a Opera\u00e7\u00e3o Tiradentes na regi\u00e3o"},"content":{"rendered":"<p><a href=\"http:\/\/www.portalmantena.com.br\/novo\/wp-content\/uploads\/2019\/04\/no260419guarda1.jpg\"><img loading=\"lazy\" class=\"alignnone size-full wp-image-46242\" src=\"http:\/\/www.portalmantena.com.br\/novo\/wp-content\/uploads\/2019\/04\/no260419guarda1.jpg\" alt=\"\" width=\"700\" height=\"450\" srcset=\"http:\/\/www.portalmantena.com.br\/novo\/wp-content\/uploads\/2019\/04\/no260419guarda1.jpg 700w, http:\/\/www.portalmantena.com.br\/novo\/wp-content\/uploads\/2019\/04\/no260419guarda1-300x193.jpg 300w, http:\/\/www.portalmantena.com.br\/novo\/wp-content\/uploads\/2019\/04\/no260419guarda1-696x447.jpg 696w, http:\/\/www.portalmantena.com.br\/novo\/wp-content\/uploads\/2019\/04\/no260419guarda1-653x420.jpg 653w\" sizes=\"(max-width: 700px) 100vw, 700px\" \/><\/a><\/p>\n<p><span style=\"font-size: 14pt;\">Foi realizado nesta quarta (24) e quinta-feira (25), em todos os munic\u00edpios que comp\u00f5e a articula\u00e7\u00e3o da 18\u00aa Cia PM Ind a \u201cOPERA\u00c7\u00c3O TIRADENTES ADSUMUS\u201d. As opera\u00e7\u00f5es consistiram na implementa\u00e7\u00e3o de a\u00e7\u00f5es de seguran\u00e7a e prote\u00e7\u00e3o da incolumidade p\u00fablica. <\/span><\/p>\n<p><span style=\"font-size: 14pt;\">Trata-se de uma opera\u00e7\u00e3o a n\u00edvel nacional que demonstra todo o potencial de mobiliza\u00e7\u00e3o e articula\u00e7\u00e3o das Pol\u00edcias Militares do Brasil. <\/span><\/p>\n<p><span style=\"font-size: 14pt;\">Foram desenvolvidas Opera\u00e7\u00f5es policiais com\u00a0 Parada Obrigat\u00f3ria de Ve\u00edculos, Batida Policial, Opera\u00e7\u00e3o Presen\u00e7a, Incurs\u00e3o em Zona Quente de Criminalidade e de Ocupa\u00e7\u00e3o de Pontos Cr\u00edticos de Zona Quente de Criminalidade e Opera\u00e7\u00e3o Fronteira. <\/span><\/p>\n<p><span style=\"font-size: 14pt;\">A Pol\u00edcia Militar est\u00e1 presente junto \u00e0 comunidade, demonstrando aten\u00e7\u00e3o aos acontecimentos, o que reflete a presteza e o permanente estado de prontifica\u00e7\u00e3o das Pol\u00edcias Militares Brasileiras.<\/span><\/p>\n<p><a href=\"http:\/\/www.portalmantena.com.br\/novo\/wp-content\/uploads\/2019\/04\/no260419guarda2.jpg\"><img loading=\"lazy\" class=\"alignnone size-full wp-image-46243\" src=\"http:\/\/www.portalmantena.com.br\/novo\/wp-content\/uploads\/2019\/04\/no260419guarda2.jpg\" alt=\"\" width=\"700\" height=\"450\" srcset=\"http:\/\/www.portalmantena.com.br\/novo\/wp-content\/uploads\/2019\/04\/no260419guarda2.jpg 700w, http:\/\/www.portalmantena.com.br\/novo\/wp-content\/uploads\/2019\/04\/no260419guarda2-300x193.jpg 300w, http:\/\/www.portalmantena.com.br\/novo\/wp-content\/uploads\/2019\/04\/no260419guarda2-696x447.jpg 696w, http:\/\/www.portalmantena.com.br\/novo\/wp-content\/uploads\/2019\/04\/no260419guarda2-653x420.jpg 653w\" sizes=\"(max-width: 700px) 100vw, 700px\" \/><\/a> <a href=\"http:\/\/www.portalmantena.com.br\/novo\/wp-content\/uploads\/2019\/04\/no260419guarda3.jpg\"><img loading=\"lazy\" class=\"alignnone size-full wp-image-46244\" src=\"http:\/\/www.portalmantena.com.br\/novo\/wp-content\/uploads\/2019\/04\/no260419guarda3.jpg\" alt=\"\" width=\"700\" height=\"450\" srcset=\"http:\/\/www.portalmantena.com.br\/novo\/wp-content\/uploads\/2019\/04\/no260419guarda3.jpg 700w, http:\/\/www.portalmantena.com.br\/novo\/wp-content\/uploads\/2019\/04\/no260419guarda3-300x193.jpg 300w, http:\/\/www.portalmantena.com.br\/novo\/wp-content\/uploads\/2019\/04\/no260419guarda3-696x447.jpg 696w, http:\/\/www.portalmantena.com.br\/novo\/wp-content\/uploads\/2019\/04\/no260419guarda3-653x420.jpg 653w\" sizes=\"(max-width: 700px) 100vw, 700px\" \/><\/a> <a href=\"http:\/\/www.portalmantena.com.br\/novo\/wp-content\/uploads\/2019\/04\/no260419guarda4.jpg\"><img loading=\"lazy\" class=\"alignnone size-full wp-image-46245\" src=\"http:\/\/www.portalmantena.com.br\/novo\/wp-content\/uploads\/2019\/04\/no260419guarda4.jpg\" alt=\"\" width=\"700\" height=\"450\" srcset=\"http:\/\/www.portalmantena.com.br\/novo\/wp-content\/uploads\/2019\/04\/no260419guarda4.jpg 700w, http:\/\/www.portalmantena.com.br\/novo\/wp-content\/uploads\/2019\/04\/no260419guarda4-300x193.jpg 300w, http:\/\/www.portalmantena.com.br\/novo\/wp-content\/uploads\/2019\/04\/no260419guarda4-696x447.jpg 696w, http:\/\/www.portalmantena.com.br\/novo\/wp-content\/uploads\/2019\/04\/no260419guarda4-653x420.jpg 653w\" sizes=\"(max-width: 700px) 100vw, 700px\" \/><\/a><a href=\"http:\/\/www.portalmantena.com.br\/novo\/\"><img loading=\"lazy\" class=\"alignnone size-full wp-image-37331\" src=\"http:\/\/www.portalmantena.com.br\/novo\/wp-content\/uploads\/2018\/05\/faixaportalnoticias5.jpg\" alt=\"\" width=\"700\" height=\"40\" srcset=\"http:\/\/www.portalmantena.com.br\/novo\/wp-content\/uploads\/2018\/05\/faixaportalnoticias5.jpg 700w, http:\/\/www.portalmantena.com.br\/novo\/wp-content\/uploads\/2018\/05\/faixaportalnoticias5-300x17.jpg 300w, http:\/\/www.portalmantena.com.br\/novo\/wp-content\/uploads\/2018\/05\/faixaportalnoticias5-696x40.jpg 696w\" sizes=\"(max-width: 700px) 100vw, 700px\" \/><\/a><\/p>\n<p><span style=\"font-size: 10pt;\">ESPA\u00c7O EMPRESARIAL<\/span><a href=\"https:\/\/www.facebook.com\/rf.oliveira.9\"><img loading=\"lazy\" class=\"alignnone size-full wp-image-44876\" src=\"http:\/\/www.portalmantena.com.br\/novo\/wp-content\/uploads\/2018\/05\/avenida210319a.jpg\" alt=\"\" width=\"700\" height=\"150\" srcset=\"http:\/\/www.portalmantena.com.br\/novo\/wp-content\/uploads\/2018\/05\/avenida210319a.jpg 700w, http:\/\/www.portalmantena.com.br\/novo\/wp-content\/uploads\/2018\/05\/avenida210319a-300x64.jpg 300w, http:\/\/www.portalmantena.com.br\/novo\/wp-content\/uploads\/2018\/05\/avenida210319a-696x150.jpg 696w\" sizes=\"(max-width: 700px) 100vw, 700px\" \/><\/a><\/p>\n","protected":false},"excerpt":{"rendered":"<p>Foi realizado nesta quarta (24) e quinta-feira (25), em todos os munic\u00edpios que comp\u00f5e a articula\u00e7\u00e3o da 18\u00aa Cia PM Ind a \u201cOPERA\u00c7\u00c3O TIRADENTES ADSUMUS\u201d. As opera\u00e7\u00f5es consistiram na implementa\u00e7\u00e3o de a\u00e7\u00f5es de seguran\u00e7a e prote\u00e7\u00e3o da incolumidade p\u00fablica. Trata-se de uma opera\u00e7\u00e3o a n\u00edvel nacional que demonstra todo o potencial de mobiliza\u00e7\u00e3o e articula\u00e7\u00e3o [&hellip;]<\/p>\n","protected":false},"author":1,"featured_media":46242,"comment_status":"open","ping_status":"open","sticky":false,"template":"","format":"standard","meta":[],"categories":[11,34],"tags":[],"_links":{"self":[{"href":"http:\/\/www.portalmantena.com.br\/novo\/index.php?rest_route=\/wp\/v2\/posts\/46241"}],"collection":[{"href":"http:\/\/www.portalmantena.com.br\/novo\/index.php?rest_route=\/wp\/v2\/posts"}],"about":[{"href":"http:\/\/www.portalmantena.com.br\/novo\/index.php?rest_route=\/wp\/v2\/types\/post"}],"author":[{"embeddable":true,"href":"http:\/\/www.portalmantena.com.br\/novo\/index.php?rest_route=\/wp\/v2\/users\/1"}],"replies":[{"embeddable":true,"href":"http:\/\/www.portalmantena.com.br\/novo\/index.php?rest_route=%2Fwp%2Fv2%2Fcomments&post=46241"}],"version-history":[{"count":1,"href":"http:\/\/www.portalmantena.com.br\/novo\/index.php?rest_route=\/wp\/v2\/posts\/46241\/revisions"}],"predecessor-version":[{"id":46246,"href":"http:\/\/www.portalmantena.com.br\/novo\/index.php?rest_route=\/wp\/v2\/posts\/46241\/revisions\/46246"}],"wp:featuredmedia":[{"embeddable":true,"href":"http:\/\/www.portalmantena.com.br\/novo\/index.php?rest_route=\/wp\/v2\/media\/46242"}],"wp:attachment":[{"href":"http:\/\/www.portalmantena.com.br\/novo\/index.php?rest_route=%2Fwp%2Fv2%2Fmedia&parent=46241"}],"wp:term":[{"taxonomy":"category","embeddable":true,"href":"http:\/\/www.portalmantena.com.br\/novo\/index.php?rest_route=%2Fwp%2Fv2%2Fcategories&post=46241"},{"taxonomy":"post_tag","embeddable":true,"href":"http:\/\/www.portalmantena.com.br\/novo\/index.php?rest_route=%2Fwp%2Fv2%2Ftags&post=46241"}],"curies":[{"name":"wp","href":"https:\/\/api.w.org\/{rel}","templated":true}]}}