{"id":46058,"date":"2019-04-23T09:14:33","date_gmt":"2019-04-23T12:14:33","guid":{"rendered":"http:\/\/www.portalmantena.com.br\/novo\/?p=46058"},"modified":"2019-04-23T10:18:02","modified_gmt":"2019-04-23T13:18:02","slug":"empresaria-mantenense-completando-mais-um-aniversario","status":"publish","type":"post","link":"http:\/\/www.portalmantena.com.br\/novo\/?p=46058","title":{"rendered":"Empres\u00e1ria mantenense completando mais um Anivers\u00e1rio"},"content":{"rendered":"<p><a href=\"http:\/\/www.portalmantena.com.br\/novo\/wp-content\/uploads\/2019\/04\/vi230419alcineia.jpg\"><img loading=\"lazy\" class=\"alignnone size-full wp-image-46059\" src=\"http:\/\/www.portalmantena.com.br\/novo\/wp-content\/uploads\/2019\/04\/vi230419alcineia.jpg\" alt=\"\" width=\"700\" height=\"450\" srcset=\"http:\/\/www.portalmantena.com.br\/novo\/wp-content\/uploads\/2019\/04\/vi230419alcineia.jpg 700w, http:\/\/www.portalmantena.com.br\/novo\/wp-content\/uploads\/2019\/04\/vi230419alcineia-300x193.jpg 300w, http:\/\/www.portalmantena.com.br\/novo\/wp-content\/uploads\/2019\/04\/vi230419alcineia-696x447.jpg 696w, http:\/\/www.portalmantena.com.br\/novo\/wp-content\/uploads\/2019\/04\/vi230419alcineia-653x420.jpg 653w\" sizes=\"(max-width: 700px) 100vw, 700px\" \/><\/a><\/p>\n<p><span style=\"font-size: 14pt;\">A nossa amiga, a empres\u00e1ria mantenense e cruzeirense Alcin\u00e9ia Pereira, \u00e9 quem completa mais um ano de vida nesta ter\u00e7a-feira dia 23 de Abril. <\/span><\/p>\n<p><span style=\"font-size: 14pt;\">Data muito especial em sua vida, momento de gratid\u00e3o a Deus por mais um ano de vida. <\/span><\/p>\n<p><span style=\"font-size: 14pt;\">Parab\u00e9ns Alcin\u00e9ia, desejamos muitas e muitas felicidades, sa\u00fade, paz e realiza\u00e7\u00f5es, e pedimos ao nosso Deus que continue lhe aben\u00e7oando. Na foto ao lado do esposo o ilustre mantenense Mauro Pereira.\u00a0<\/span><\/p>\n<p><a href=\"http:\/\/www.portalmantena.com.br\/novo\/\"><img loading=\"lazy\" class=\"alignnone size-full wp-image-37296\" src=\"http:\/\/www.portalmantena.com.br\/novo\/wp-content\/uploads\/2018\/05\/faixavitrine2.jpg\" alt=\"\" width=\"700\" height=\"40\" srcset=\"http:\/\/www.portalmantena.com.br\/novo\/wp-content\/uploads\/2018\/05\/faixavitrine2.jpg 700w, http:\/\/www.portalmantena.com.br\/novo\/wp-content\/uploads\/2018\/05\/faixavitrine2-300x17.jpg 300w, http:\/\/www.portalmantena.com.br\/novo\/wp-content\/uploads\/2018\/05\/faixavitrine2-696x40.jpg 696w\" sizes=\"(max-width: 700px) 100vw, 700px\" \/><\/a><\/p>\n<p><span style=\"font-size: 10pt;\">ESPA\u00c7O EMPRESARIAL<\/span><a href=\"https:\/\/www.facebook.com\/profile.php?id=100004934627949&amp;fref=ts\"><img loading=\"lazy\" class=\"alignnone size-full wp-image-36918\" src=\"http:\/\/www.portalmantena.com.br\/novo\/wp-content\/uploads\/2018\/05\/printcolor120918banner.jpg\" alt=\"\" width=\"700\" height=\"150\" srcset=\"http:\/\/www.portalmantena.com.br\/novo\/wp-content\/uploads\/2018\/05\/printcolor120918banner.jpg 700w, http:\/\/www.portalmantena.com.br\/novo\/wp-content\/uploads\/2018\/05\/printcolor120918banner-300x64.jpg 300w, http:\/\/www.portalmantena.com.br\/novo\/wp-content\/uploads\/2018\/05\/printcolor120918banner-696x150.jpg 696w\" sizes=\"(max-width: 700px) 100vw, 700px\" \/><\/a><\/p>\n","protected":false},"excerpt":{"rendered":"<p>A nossa amiga, a empres\u00e1ria mantenense e cruzeirense Alcin\u00e9ia Pereira, \u00e9 quem completa mais um ano de vida nesta ter\u00e7a-feira dia 23 de Abril. Data muito especial em sua vida, momento de gratid\u00e3o a Deus por mais um ano de vida. Parab\u00e9ns Alcin\u00e9ia, desejamos muitas e muitas felicidades, sa\u00fade, paz e realiza\u00e7\u00f5es, e pedimos ao [&hellip;]<\/p>\n","protected":false},"author":1,"featured_media":46059,"comment_status":"open","ping_status":"open","sticky":false,"template":"","format":"standard","meta":[],"categories":[7],"tags":[],"_links":{"self":[{"href":"http:\/\/www.portalmantena.com.br\/novo\/index.php?rest_route=\/wp\/v2\/posts\/46058"}],"collection":[{"href":"http:\/\/www.portalmantena.com.br\/novo\/index.php?rest_route=\/wp\/v2\/posts"}],"about":[{"href":"http:\/\/www.portalmantena.com.br\/novo\/index.php?rest_route=\/wp\/v2\/types\/post"}],"author":[{"embeddable":true,"href":"http:\/\/www.portalmantena.com.br\/novo\/index.php?rest_route=\/wp\/v2\/users\/1"}],"replies":[{"embeddable":true,"href":"http:\/\/www.portalmantena.com.br\/novo\/index.php?rest_route=%2Fwp%2Fv2%2Fcomments&post=46058"}],"version-history":[{"count":1,"href":"http:\/\/www.portalmantena.com.br\/novo\/index.php?rest_route=\/wp\/v2\/posts\/46058\/revisions"}],"predecessor-version":[{"id":46060,"href":"http:\/\/www.portalmantena.com.br\/novo\/index.php?rest_route=\/wp\/v2\/posts\/46058\/revisions\/46060"}],"wp:featuredmedia":[{"embeddable":true,"href":"http:\/\/www.portalmantena.com.br\/novo\/index.php?rest_route=\/wp\/v2\/media\/46059"}],"wp:attachment":[{"href":"http:\/\/www.portalmantena.com.br\/novo\/index.php?rest_route=%2Fwp%2Fv2%2Fmedia&parent=46058"}],"wp:term":[{"taxonomy":"category","embeddable":true,"href":"http:\/\/www.portalmantena.com.br\/novo\/index.php?rest_route=%2Fwp%2Fv2%2Fcategories&post=46058"},{"taxonomy":"post_tag","embeddable":true,"href":"http:\/\/www.portalmantena.com.br\/novo\/index.php?rest_route=%2Fwp%2Fv2%2Ftags&post=46058"}],"curies":[{"name":"wp","href":"https:\/\/api.w.org\/{rel}","templated":true}]}}