{"id":46053,"date":"2019-04-23T10:05:57","date_gmt":"2019-04-23T13:05:57","guid":{"rendered":"http:\/\/www.portalmantena.com.br\/novo\/?p=46053"},"modified":"2019-04-23T10:05:57","modified_gmt":"2019-04-23T13:05:57","slug":"pastor-marcelo-petrucci-comemorando-aniversario","status":"publish","type":"post","link":"http:\/\/www.portalmantena.com.br\/novo\/?p=46053","title":{"rendered":"Pastor Marcelo Petrucci comemorando Anivers\u00e1rio"},"content":{"rendered":"<p><a href=\"http:\/\/www.portalmantena.com.br\/novo\/wp-content\/uploads\/2019\/04\/vi230419pastor2.jpg\"><img loading=\"lazy\" class=\"alignnone size-full wp-image-46056\" src=\"http:\/\/www.portalmantena.com.br\/novo\/wp-content\/uploads\/2019\/04\/vi230419pastor2.jpg\" alt=\"\" width=\"700\" height=\"450\" srcset=\"http:\/\/www.portalmantena.com.br\/novo\/wp-content\/uploads\/2019\/04\/vi230419pastor2.jpg 700w, http:\/\/www.portalmantena.com.br\/novo\/wp-content\/uploads\/2019\/04\/vi230419pastor2-300x193.jpg 300w, http:\/\/www.portalmantena.com.br\/novo\/wp-content\/uploads\/2019\/04\/vi230419pastor2-696x447.jpg 696w, http:\/\/www.portalmantena.com.br\/novo\/wp-content\/uploads\/2019\/04\/vi230419pastor2-653x420.jpg 653w\" sizes=\"(max-width: 700px) 100vw, 700px\" \/><\/a><\/p>\n<p><span style=\"font-size: 14pt;\">Quem completa 41 anos de vida nesta ter\u00e7a-feira dia 23 de abril \u00e9 o nosso amigo, o pastor da Primeira Igreja Batista de Mantena, Pr. Marcelo Petrucci. <\/span><\/p>\n<p><span style=\"font-size: 14pt;\">Ele que j\u00e1 conquistou muitos amigos na cidade pelos anos que pastoreia a igreja (uma refer\u00eancia na cidade), recebe neste dia o carinho n\u00e3o apenas de suas ovelhas, mas de todos os amigos, principalmente dos internautas e leitores do portalmantena. <\/span><\/p>\n<p><span style=\"font-size: 14pt;\">Parab\u00e9ns Pastor Marcelo Petrucci pelos relevantes servi\u00e7os prestados \u00e0 nossa comunidade, al\u00e9m \u00e9 claro ao longo destes anos em Mantena, pregando a palavra de Deus em todos dos cantos. Pedimos ao nosso Deus que continue aben\u00e7oando sua vida, capacitando e protegendo. Na foto com a esposa Sabrina.\u00a0<\/span><\/p>\n<p><a href=\"http:\/\/www.portalmantena.com.br\/novo\/wp-content\/uploads\/2019\/04\/vi230419pastor.jpg\"><img loading=\"lazy\" class=\"alignnone size-full wp-image-46055\" src=\"http:\/\/www.portalmantena.com.br\/novo\/wp-content\/uploads\/2019\/04\/vi230419pastor.jpg\" alt=\"\" width=\"700\" height=\"450\" srcset=\"http:\/\/www.portalmantena.com.br\/novo\/wp-content\/uploads\/2019\/04\/vi230419pastor.jpg 700w, http:\/\/www.portalmantena.com.br\/novo\/wp-content\/uploads\/2019\/04\/vi230419pastor-300x193.jpg 300w, http:\/\/www.portalmantena.com.br\/novo\/wp-content\/uploads\/2019\/04\/vi230419pastor-696x447.jpg 696w, http:\/\/www.portalmantena.com.br\/novo\/wp-content\/uploads\/2019\/04\/vi230419pastor-653x420.jpg 653w\" sizes=\"(max-width: 700px) 100vw, 700px\" \/><\/a><a href=\"http:\/\/www.portalmantena.com.br\/novo\/\"><img loading=\"lazy\" class=\"alignnone size-full wp-image-37296\" src=\"http:\/\/www.portalmantena.com.br\/novo\/wp-content\/uploads\/2018\/05\/faixavitrine2.jpg\" alt=\"\" width=\"700\" height=\"40\" srcset=\"http:\/\/www.portalmantena.com.br\/novo\/wp-content\/uploads\/2018\/05\/faixavitrine2.jpg 700w, http:\/\/www.portalmantena.com.br\/novo\/wp-content\/uploads\/2018\/05\/faixavitrine2-300x17.jpg 300w, http:\/\/www.portalmantena.com.br\/novo\/wp-content\/uploads\/2018\/05\/faixavitrine2-696x40.jpg 696w\" sizes=\"(max-width: 700px) 100vw, 700px\" \/><\/a><\/p>\n<p><span style=\"font-size: 10pt;\">ESPA\u00c7O EMPRESARIAL<\/span><a href=\"http:\/\/www.portalmantena.com.br\/novo\/wp-content\/uploads\/2018\/05\/cafebonzonfaixa.jpg\"><img loading=\"lazy\" class=\"alignnone size-full wp-image-29162\" src=\"http:\/\/www.portalmantena.com.br\/novo\/wp-content\/uploads\/2018\/05\/cafebonzonfaixa.jpg\" alt=\"\" width=\"700\" height=\"150\" srcset=\"http:\/\/www.portalmantena.com.br\/novo\/wp-content\/uploads\/2018\/05\/cafebonzonfaixa.jpg 700w, http:\/\/www.portalmantena.com.br\/novo\/wp-content\/uploads\/2018\/05\/cafebonzonfaixa-300x64.jpg 300w, http:\/\/www.portalmantena.com.br\/novo\/wp-content\/uploads\/2018\/05\/cafebonzonfaixa-696x150.jpg 696w\" sizes=\"(max-width: 700px) 100vw, 700px\" \/><\/a><\/p>\n","protected":false},"excerpt":{"rendered":"<p>Quem completa 41 anos de vida nesta ter\u00e7a-feira dia 23 de abril \u00e9 o nosso amigo, o pastor da Primeira Igreja Batista de Mantena, Pr. Marcelo Petrucci. Ele que j\u00e1 conquistou muitos amigos na cidade pelos anos que pastoreia a igreja (uma refer\u00eancia na cidade), recebe neste dia o carinho n\u00e3o apenas de suas ovelhas, [&hellip;]<\/p>\n","protected":false},"author":1,"featured_media":46056,"comment_status":"open","ping_status":"open","sticky":false,"template":"","format":"standard","meta":[],"categories":[7],"tags":[],"_links":{"self":[{"href":"http:\/\/www.portalmantena.com.br\/novo\/index.php?rest_route=\/wp\/v2\/posts\/46053"}],"collection":[{"href":"http:\/\/www.portalmantena.com.br\/novo\/index.php?rest_route=\/wp\/v2\/posts"}],"about":[{"href":"http:\/\/www.portalmantena.com.br\/novo\/index.php?rest_route=\/wp\/v2\/types\/post"}],"author":[{"embeddable":true,"href":"http:\/\/www.portalmantena.com.br\/novo\/index.php?rest_route=\/wp\/v2\/users\/1"}],"replies":[{"embeddable":true,"href":"http:\/\/www.portalmantena.com.br\/novo\/index.php?rest_route=%2Fwp%2Fv2%2Fcomments&post=46053"}],"version-history":[{"count":1,"href":"http:\/\/www.portalmantena.com.br\/novo\/index.php?rest_route=\/wp\/v2\/posts\/46053\/revisions"}],"predecessor-version":[{"id":46057,"href":"http:\/\/www.portalmantena.com.br\/novo\/index.php?rest_route=\/wp\/v2\/posts\/46053\/revisions\/46057"}],"wp:featuredmedia":[{"embeddable":true,"href":"http:\/\/www.portalmantena.com.br\/novo\/index.php?rest_route=\/wp\/v2\/media\/46056"}],"wp:attachment":[{"href":"http:\/\/www.portalmantena.com.br\/novo\/index.php?rest_route=%2Fwp%2Fv2%2Fmedia&parent=46053"}],"wp:term":[{"taxonomy":"category","embeddable":true,"href":"http:\/\/www.portalmantena.com.br\/novo\/index.php?rest_route=%2Fwp%2Fv2%2Fcategories&post=46053"},{"taxonomy":"post_tag","embeddable":true,"href":"http:\/\/www.portalmantena.com.br\/novo\/index.php?rest_route=%2Fwp%2Fv2%2Ftags&post=46053"}],"curies":[{"name":"wp","href":"https:\/\/api.w.org\/{rel}","templated":true}]}}