{"id":46047,"date":"2019-04-23T09:36:17","date_gmt":"2019-04-23T12:36:17","guid":{"rendered":"http:\/\/www.portalmantena.com.br\/novo\/?p=46047"},"modified":"2019-04-23T13:15:02","modified_gmt":"2019-04-23T16:15:02","slug":"otima-noticia-oportunidade-de-emprego-em-mantena-confira","status":"publish","type":"post","link":"http:\/\/www.portalmantena.com.br\/novo\/?p=46047","title":{"rendered":"\u00d3tima not\u00edcia, oportunidade de Emprego em Mantena, confira"},"content":{"rendered":"<p><a href=\"http:\/\/www.portalmantena.com.br\/novo\/wp-content\/uploads\/2019\/04\/no071218emprego.jpg\"><img loading=\"lazy\" class=\"alignnone size-full wp-image-46048\" src=\"http:\/\/www.portalmantena.com.br\/novo\/wp-content\/uploads\/2019\/04\/no071218emprego.jpg\" alt=\"\" width=\"700\" height=\"450\" srcset=\"http:\/\/www.portalmantena.com.br\/novo\/wp-content\/uploads\/2019\/04\/no071218emprego.jpg 700w, http:\/\/www.portalmantena.com.br\/novo\/wp-content\/uploads\/2019\/04\/no071218emprego-300x193.jpg 300w, http:\/\/www.portalmantena.com.br\/novo\/wp-content\/uploads\/2019\/04\/no071218emprego-696x447.jpg 696w, http:\/\/www.portalmantena.com.br\/novo\/wp-content\/uploads\/2019\/04\/no071218emprego-653x420.jpg 653w\" sizes=\"(max-width: 700px) 100vw, 700px\" \/><\/a><\/p>\n<p><span style=\"font-size: 14pt;\">Oportunidade de Emprego em Mantena, a Loja Starcell Celular, representante autorizado VIVO na cidade est\u00e1 com uma vaga para o cargo de Gerente Comercial e tamb\u00e9m para vendedores. <\/span><\/p>\n<p><span style=\"font-size: 14pt;\">Os interessados devem enviar curr\u00edculo com foto at\u00e9 \u00e0 loja situada na rua Prefeito Anast\u00e1cio, 73 no centro da cidade. O curr\u00edculo tamb\u00e9m pode ser enviado por email para o endere\u00e7o eletr\u00f4nico: <a href=\"mailto:rg@redestarcell.com.br\">rh@redestarcell.com.br<\/a><\/span><\/p>\n<p><a href=\"http:\/\/www.portalmantena.com.br\/novo\/\"><img loading=\"lazy\" class=\"alignnone size-full wp-image-37331\" src=\"http:\/\/www.portalmantena.com.br\/novo\/wp-content\/uploads\/2018\/05\/faixaportalnoticias5.jpg\" alt=\"\" width=\"700\" height=\"40\" srcset=\"http:\/\/www.portalmantena.com.br\/novo\/wp-content\/uploads\/2018\/05\/faixaportalnoticias5.jpg 700w, http:\/\/www.portalmantena.com.br\/novo\/wp-content\/uploads\/2018\/05\/faixaportalnoticias5-300x17.jpg 300w, http:\/\/www.portalmantena.com.br\/novo\/wp-content\/uploads\/2018\/05\/faixaportalnoticias5-696x40.jpg 696w\" sizes=\"(max-width: 700px) 100vw, 700px\" \/><\/a><\/p>\n<p><span style=\"font-size: 10pt;\">ESPA\u00c7O EMPRESARIAL<\/span><a href=\"https:\/\/www.facebook.com\/rf.oliveira.9\"><img loading=\"lazy\" class=\"alignnone size-full wp-image-44876\" src=\"http:\/\/www.portalmantena.com.br\/novo\/wp-content\/uploads\/2018\/05\/avenida210319a.jpg\" alt=\"\" width=\"700\" height=\"150\" srcset=\"http:\/\/www.portalmantena.com.br\/novo\/wp-content\/uploads\/2018\/05\/avenida210319a.jpg 700w, http:\/\/www.portalmantena.com.br\/novo\/wp-content\/uploads\/2018\/05\/avenida210319a-300x64.jpg 300w, http:\/\/www.portalmantena.com.br\/novo\/wp-content\/uploads\/2018\/05\/avenida210319a-696x150.jpg 696w\" sizes=\"(max-width: 700px) 100vw, 700px\" \/><\/a><\/p>\n","protected":false},"excerpt":{"rendered":"<p>Oportunidade de Emprego em Mantena, a Loja Starcell Celular, representante autorizado VIVO na cidade est\u00e1 com uma vaga para o cargo de Gerente Comercial e tamb\u00e9m para vendedores. Os interessados devem enviar curr\u00edculo com foto at\u00e9 \u00e0 loja situada na rua Prefeito Anast\u00e1cio, 73 no centro da cidade. O curr\u00edculo tamb\u00e9m pode ser enviado por [&hellip;]<\/p>\n","protected":false},"author":1,"featured_media":46048,"comment_status":"open","ping_status":"open","sticky":false,"template":"","format":"standard","meta":[],"categories":[36,67,11],"tags":[],"_links":{"self":[{"href":"http:\/\/www.portalmantena.com.br\/novo\/index.php?rest_route=\/wp\/v2\/posts\/46047"}],"collection":[{"href":"http:\/\/www.portalmantena.com.br\/novo\/index.php?rest_route=\/wp\/v2\/posts"}],"about":[{"href":"http:\/\/www.portalmantena.com.br\/novo\/index.php?rest_route=\/wp\/v2\/types\/post"}],"author":[{"embeddable":true,"href":"http:\/\/www.portalmantena.com.br\/novo\/index.php?rest_route=\/wp\/v2\/users\/1"}],"replies":[{"embeddable":true,"href":"http:\/\/www.portalmantena.com.br\/novo\/index.php?rest_route=%2Fwp%2Fv2%2Fcomments&post=46047"}],"version-history":[{"count":2,"href":"http:\/\/www.portalmantena.com.br\/novo\/index.php?rest_route=\/wp\/v2\/posts\/46047\/revisions"}],"predecessor-version":[{"id":46067,"href":"http:\/\/www.portalmantena.com.br\/novo\/index.php?rest_route=\/wp\/v2\/posts\/46047\/revisions\/46067"}],"wp:featuredmedia":[{"embeddable":true,"href":"http:\/\/www.portalmantena.com.br\/novo\/index.php?rest_route=\/wp\/v2\/media\/46048"}],"wp:attachment":[{"href":"http:\/\/www.portalmantena.com.br\/novo\/index.php?rest_route=%2Fwp%2Fv2%2Fmedia&parent=46047"}],"wp:term":[{"taxonomy":"category","embeddable":true,"href":"http:\/\/www.portalmantena.com.br\/novo\/index.php?rest_route=%2Fwp%2Fv2%2Fcategories&post=46047"},{"taxonomy":"post_tag","embeddable":true,"href":"http:\/\/www.portalmantena.com.br\/novo\/index.php?rest_route=%2Fwp%2Fv2%2Ftags&post=46047"}],"curies":[{"name":"wp","href":"https:\/\/api.w.org\/{rel}","templated":true}]}}