{"id":45995,"date":"2019-04-23T04:00:37","date_gmt":"2019-04-23T07:00:37","guid":{"rendered":"http:\/\/www.portalmantena.com.br\/novo\/?p=45995"},"modified":"2019-04-22T14:02:29","modified_gmt":"2019-04-22T17:02:29","slug":"pm-detem-autores-de-roubo-drogas-e-dinheiro-apreendidos","status":"publish","type":"post","link":"http:\/\/www.portalmantena.com.br\/novo\/?p=45995","title":{"rendered":"PM det\u00e9m autores de roubo, drogas e dinheiro apreendidos"},"content":{"rendered":"<p><a href=\"http:\/\/www.portalmantena.com.br\/novo\/wp-content\/uploads\/2019\/04\/no220419roubo.jpg\"><img loading=\"lazy\" class=\"alignnone size-full wp-image-45996\" src=\"http:\/\/www.portalmantena.com.br\/novo\/wp-content\/uploads\/2019\/04\/no220419roubo.jpg\" alt=\"\" width=\"700\" height=\"450\" srcset=\"http:\/\/www.portalmantena.com.br\/novo\/wp-content\/uploads\/2019\/04\/no220419roubo.jpg 700w, http:\/\/www.portalmantena.com.br\/novo\/wp-content\/uploads\/2019\/04\/no220419roubo-300x193.jpg 300w, http:\/\/www.portalmantena.com.br\/novo\/wp-content\/uploads\/2019\/04\/no220419roubo-696x447.jpg 696w, http:\/\/www.portalmantena.com.br\/novo\/wp-content\/uploads\/2019\/04\/no220419roubo-653x420.jpg 653w\" sizes=\"(max-width: 700px) 100vw, 700px\" \/><\/a><\/p>\n<p><span style=\"font-size: 14pt;\">Um jovem de 21 anos e um adolescente de 17 anos foram detidos pela Pol\u00edcia Militar na tarde da ter\u00e7a-feira (16), na cidade de Nova Ven\u00e9cia, pelo envolvimento em um roubo a um estabelecimento comercial da cidade. <\/span><\/p>\n<p><span style=\"font-size: 14pt;\">Com a dupla foram recuperados parte do dinheiro roubado e apreendidos entorpecentes e o rev\u00f3lver utilizado no assalto, al\u00e9m de outros materiais. Segundo o comandante do 2\u00ba Batalh\u00e3o, tenente-coronel M\u00e1rio Marcelo Dal Col, o crime aconteceu na tarde desta segunda (15), em um mercadinho localizado no bairro Filomena. <\/span><\/p>\n<p><span style=\"font-size: 14pt;\">Na ocasi\u00e3o dois indiv\u00edduos portando uma arma de fogo, roubaram R$ 240,00 em dinheiro. Ap\u00f3s o crime, os agentes do Servi\u00e7o de Intelig\u00eancia (P2) do Batalh\u00e3o realizaram levantamentos e descobriram por interm\u00e9dio das imagens de c\u00e2meras de seguran\u00e7a os autores do assalto. <\/span><\/p>\n<p><span style=\"font-size: 14pt;\">Foi montada uma opera\u00e7\u00e3o envolvendo o Comandante do Policiamento da Unidade (CPU), subtenente Caetano, militares da For\u00e7a T\u00e1tica, da Radiopatrulha e Agentes da P2, que resultou na localiza\u00e7\u00e3o dos acusados P.J.G.F., 21 anos e o menor de 17 anos, que confessaram o roubo. <\/span><\/p>\n<p><span style=\"font-size: 14pt;\">Segundo o tenente-coronel Dal Col, o primeiro a ser encontrado foi o jovem P.J.G.F. Na casa dele os militares apreenderam 14 pedras de crack e diversos materiais utilizados para embalo de coca\u00edna e maconha. Com a pris\u00e3o do jovem, os policiais realizaram buscas e localizaram o adolescente. <\/span><\/p>\n<p><span style=\"font-size: 14pt;\">Numa casa onde ele estava residindo, foi encontrado o rev\u00f3lver e cinco muni\u00e7\u00f5es, que estavam dentro de um fog\u00e3o velho. No local foram encontrados tamb\u00e9m R$ 101,00 que foi roubado no estabelecimento. Os dois foram detidos e encaminhados com os materiais apreendidos \u00e0 delegacia de Pol\u00edcia Civil de Nova Ven\u00e9cia. <\/span><\/p>\n<p><span style=\"font-size: 14pt;\">Durante a opera\u00e7\u00e3o, os militares averiguaram a vida pregressa da dupla e descobriram que havia um mandado de interna\u00e7\u00e3o em desfavor do adolescente. O infrator contou que o mandado \u00e9 resultado de um roubo que ele praticou na cidade de Vila Velha. (fonte\/foto:PM).<\/span><\/p>\n<p><a href=\"http:\/\/www.portalmantena.com.br\/novo\/\"><img loading=\"lazy\" class=\"alignnone size-full wp-image-37331\" src=\"http:\/\/www.portalmantena.com.br\/novo\/wp-content\/uploads\/2018\/05\/faixaportalnoticias5.jpg\" alt=\"\" width=\"700\" height=\"40\" srcset=\"http:\/\/www.portalmantena.com.br\/novo\/wp-content\/uploads\/2018\/05\/faixaportalnoticias5.jpg 700w, http:\/\/www.portalmantena.com.br\/novo\/wp-content\/uploads\/2018\/05\/faixaportalnoticias5-300x17.jpg 300w, http:\/\/www.portalmantena.com.br\/novo\/wp-content\/uploads\/2018\/05\/faixaportalnoticias5-696x40.jpg 696w\" sizes=\"(max-width: 700px) 100vw, 700px\" \/><\/a><\/p>\n<p><span style=\"font-size: 10pt;\">ESPA\u00c7O EMPRESARIAL<\/span><a href=\"http:\/\/www.portalmantena.com.br\/novo\/?p=39480\"><img loading=\"lazy\" class=\"alignnone size-full wp-image-39486\" src=\"http:\/\/www.portalmantena.com.br\/novo\/wp-content\/uploads\/2018\/05\/honca301018faixa.jpg\" alt=\"\" width=\"700\" height=\"150\" srcset=\"http:\/\/www.portalmantena.com.br\/novo\/wp-content\/uploads\/2018\/05\/honca301018faixa.jpg 700w, http:\/\/www.portalmantena.com.br\/novo\/wp-content\/uploads\/2018\/05\/honca301018faixa-300x64.jpg 300w, http:\/\/www.portalmantena.com.br\/novo\/wp-content\/uploads\/2018\/05\/honca301018faixa-696x150.jpg 696w\" sizes=\"(max-width: 700px) 100vw, 700px\" \/><\/a><\/p>\n","protected":false},"excerpt":{"rendered":"<p>Um jovem de 21 anos e um adolescente de 17 anos foram detidos pela Pol\u00edcia Militar na tarde da ter\u00e7a-feira (16), na cidade de Nova Ven\u00e9cia, pelo envolvimento em um roubo a um estabelecimento comercial da cidade. Com a dupla foram recuperados parte do dinheiro roubado e apreendidos entorpecentes e o rev\u00f3lver utilizado no assalto, [&hellip;]<\/p>\n","protected":false},"author":1,"featured_media":45996,"comment_status":"open","ping_status":"open","sticky":false,"template":"","format":"standard","meta":[],"categories":[11,34],"tags":[],"_links":{"self":[{"href":"http:\/\/www.portalmantena.com.br\/novo\/index.php?rest_route=\/wp\/v2\/posts\/45995"}],"collection":[{"href":"http:\/\/www.portalmantena.com.br\/novo\/index.php?rest_route=\/wp\/v2\/posts"}],"about":[{"href":"http:\/\/www.portalmantena.com.br\/novo\/index.php?rest_route=\/wp\/v2\/types\/post"}],"author":[{"embeddable":true,"href":"http:\/\/www.portalmantena.com.br\/novo\/index.php?rest_route=\/wp\/v2\/users\/1"}],"replies":[{"embeddable":true,"href":"http:\/\/www.portalmantena.com.br\/novo\/index.php?rest_route=%2Fwp%2Fv2%2Fcomments&post=45995"}],"version-history":[{"count":1,"href":"http:\/\/www.portalmantena.com.br\/novo\/index.php?rest_route=\/wp\/v2\/posts\/45995\/revisions"}],"predecessor-version":[{"id":45997,"href":"http:\/\/www.portalmantena.com.br\/novo\/index.php?rest_route=\/wp\/v2\/posts\/45995\/revisions\/45997"}],"wp:featuredmedia":[{"embeddable":true,"href":"http:\/\/www.portalmantena.com.br\/novo\/index.php?rest_route=\/wp\/v2\/media\/45996"}],"wp:attachment":[{"href":"http:\/\/www.portalmantena.com.br\/novo\/index.php?rest_route=%2Fwp%2Fv2%2Fmedia&parent=45995"}],"wp:term":[{"taxonomy":"category","embeddable":true,"href":"http:\/\/www.portalmantena.com.br\/novo\/index.php?rest_route=%2Fwp%2Fv2%2Fcategories&post=45995"},{"taxonomy":"post_tag","embeddable":true,"href":"http:\/\/www.portalmantena.com.br\/novo\/index.php?rest_route=%2Fwp%2Fv2%2Ftags&post=45995"}],"curies":[{"name":"wp","href":"https:\/\/api.w.org\/{rel}","templated":true}]}}