{"id":4492,"date":"2017-04-11T11:58:31","date_gmt":"2017-04-11T14:58:31","guid":{"rendered":"http:\/\/www.portalmantena.com.br\/novo\/?p=4492"},"modified":"2017-04-11T09:59:46","modified_gmt":"2017-04-11T12:59:46","slug":"duas-armas-de-fogo-sao-apreendidas-em-divino-das-palmeiras-canivete","status":"publish","type":"post","link":"http:\/\/www.portalmantena.com.br\/novo\/?p=4492","title":{"rendered":"Duas armas de fogo s\u00e3o apreendidas em Divino das Palmeiras (Canivete)"},"content":{"rendered":"<p><a href=\"http:\/\/www.portalmantena.com.br\/novo\/wp-content\/uploads\/2017\/04\/no110417arma1.jpg\"><img loading=\"lazy\" class=\"alignnone size-full wp-image-4493\" src=\"http:\/\/www.portalmantena.com.br\/novo\/wp-content\/uploads\/2017\/04\/no110417arma1.jpg\" alt=\"\" width=\"700\" height=\"450\" srcset=\"http:\/\/www.portalmantena.com.br\/novo\/wp-content\/uploads\/2017\/04\/no110417arma1.jpg 700w, http:\/\/www.portalmantena.com.br\/novo\/wp-content\/uploads\/2017\/04\/no110417arma1-300x193.jpg 300w, http:\/\/www.portalmantena.com.br\/novo\/wp-content\/uploads\/2017\/04\/no110417arma1-696x447.jpg 696w, http:\/\/www.portalmantena.com.br\/novo\/wp-content\/uploads\/2017\/04\/no110417arma1-653x420.jpg 653w\" sizes=\"(max-width: 700px) 100vw, 700px\" \/><\/a><\/p>\n<p><span style=\"font-size: 14pt;\">Uma opera\u00e7\u00e3o policial foi realizada por militares de Mantena e S\u00e3o Jo\u00e3o do Manteninha com o objetivo de atender uma den\u00fancia an\u00f4nima e averigua\u00e7\u00e3o da presen\u00e7a de armas de fogo em im\u00f3veis situados em Divino das Palmeiras (canivete), distrito do munic\u00edpio de S\u00e3o Jo\u00e3o do Manteninha. <\/span><\/p>\n<p><span style=\"font-size: 14pt;\">Sob o comando do tenente Valtair e do 2\u00ba sargento Oliveira, dois im\u00f3veis foram averiguados resultando na apreens\u00e3o de duas armas de fogo, um rev\u00f3lver calibre 32 e uma espingarda Polveira. Um homem de 45 anos foi preso pela posse ilegal da espingarda e um outro homem de 37 anos propriet\u00e1rio do rev\u00f3lver n\u00e3o foi localizado. <\/span><\/p>\n<p><span style=\"font-size: 14pt;\">Participaram da opera\u00e7\u00e3o os policiais 1\u00ba tenente Valtair, cabo Mendes (Mantena), 2\u00ba sargento Oliveira, 3\u00ba sargento Rocha e soldado Martins (S\u00e3o Jo\u00e3o do Manteninha).<\/span><\/p>\n<p><a href=\"http:\/\/www.portalmantena.com.br\/novo\/wp-content\/uploads\/2017\/04\/no110417arma2.jpg\"><img loading=\"lazy\" class=\"alignnone size-full wp-image-4494\" src=\"http:\/\/www.portalmantena.com.br\/novo\/wp-content\/uploads\/2017\/04\/no110417arma2.jpg\" alt=\"\" width=\"700\" height=\"450\" srcset=\"http:\/\/www.portalmantena.com.br\/novo\/wp-content\/uploads\/2017\/04\/no110417arma2.jpg 700w, http:\/\/www.portalmantena.com.br\/novo\/wp-content\/uploads\/2017\/04\/no110417arma2-300x193.jpg 300w, http:\/\/www.portalmantena.com.br\/novo\/wp-content\/uploads\/2017\/04\/no110417arma2-696x447.jpg 696w, http:\/\/www.portalmantena.com.br\/novo\/wp-content\/uploads\/2017\/04\/no110417arma2-653x420.jpg 653w\" sizes=\"(max-width: 700px) 100vw, 700px\" \/><\/a><\/p>\n","protected":false},"excerpt":{"rendered":"<p>Uma opera\u00e7\u00e3o policial foi realizada por militares de Mantena e S\u00e3o Jo\u00e3o do Manteninha com o objetivo de atender uma den\u00fancia an\u00f4nima e averigua\u00e7\u00e3o da presen\u00e7a de armas de fogo em im\u00f3veis situados em Divino das Palmeiras (canivete), distrito do munic\u00edpio de S\u00e3o Jo\u00e3o do Manteninha. Sob o comando do tenente Valtair e do 2\u00ba [&hellip;]<\/p>\n","protected":false},"author":1,"featured_media":4494,"comment_status":"open","ping_status":"open","sticky":false,"template":"","format":"standard","meta":[],"categories":[11,34],"tags":[],"_links":{"self":[{"href":"http:\/\/www.portalmantena.com.br\/novo\/index.php?rest_route=\/wp\/v2\/posts\/4492"}],"collection":[{"href":"http:\/\/www.portalmantena.com.br\/novo\/index.php?rest_route=\/wp\/v2\/posts"}],"about":[{"href":"http:\/\/www.portalmantena.com.br\/novo\/index.php?rest_route=\/wp\/v2\/types\/post"}],"author":[{"embeddable":true,"href":"http:\/\/www.portalmantena.com.br\/novo\/index.php?rest_route=\/wp\/v2\/users\/1"}],"replies":[{"embeddable":true,"href":"http:\/\/www.portalmantena.com.br\/novo\/index.php?rest_route=%2Fwp%2Fv2%2Fcomments&post=4492"}],"version-history":[{"count":1,"href":"http:\/\/www.portalmantena.com.br\/novo\/index.php?rest_route=\/wp\/v2\/posts\/4492\/revisions"}],"predecessor-version":[{"id":4495,"href":"http:\/\/www.portalmantena.com.br\/novo\/index.php?rest_route=\/wp\/v2\/posts\/4492\/revisions\/4495"}],"wp:featuredmedia":[{"embeddable":true,"href":"http:\/\/www.portalmantena.com.br\/novo\/index.php?rest_route=\/wp\/v2\/media\/4494"}],"wp:attachment":[{"href":"http:\/\/www.portalmantena.com.br\/novo\/index.php?rest_route=%2Fwp%2Fv2%2Fmedia&parent=4492"}],"wp:term":[{"taxonomy":"category","embeddable":true,"href":"http:\/\/www.portalmantena.com.br\/novo\/index.php?rest_route=%2Fwp%2Fv2%2Fcategories&post=4492"},{"taxonomy":"post_tag","embeddable":true,"href":"http:\/\/www.portalmantena.com.br\/novo\/index.php?rest_route=%2Fwp%2Fv2%2Ftags&post=4492"}],"curies":[{"name":"wp","href":"https:\/\/api.w.org\/{rel}","templated":true}]}}