{"id":4469,"date":"2017-04-11T08:40:20","date_gmt":"2017-04-11T11:40:20","guid":{"rendered":"http:\/\/www.portalmantena.com.br\/novo\/?p=4469"},"modified":"2017-04-11T08:40:20","modified_gmt":"2017-04-11T11:40:20","slug":"suspeito-de-praticar-roubos-na-regiao-de-baixo-guandu-e-preso-pela-pm","status":"publish","type":"post","link":"http:\/\/www.portalmantena.com.br\/novo\/?p=4469","title":{"rendered":"Suspeito de praticar roubos na regi\u00e3o de Baixo Guandu \u00e9 preso pela PM"},"content":{"rendered":"<p><span style=\"font-size: 14pt;\">Na noite deste domingo (09), policiais militares da For\u00e7a T\u00e1tica do 8\u00ba Batalh\u00e3o apreenderam uma arma de fogo no Centro de Baixo Guandu. Uma pessoa foi detida.\u00a0<\/span><\/p>\n<p><span style=\"font-size: 14pt;\">Durante o patrulhamento t\u00e1tico m\u00f3vel, os militares receberam a den\u00fancia de que um indiv\u00edduo estaria praticando roubos na regi\u00e3o. Imediatamente, a guarni\u00e7\u00e3o prosseguiu ao local informado e abordou o suspeito. <\/span><\/p>\n<p><span style=\"font-size: 14pt;\">Durante a busca pessoal os policiais encontraram uma garrucha calibre .22, al\u00e9m dos materiais roubados. M.A.C.M., 25 anos, foi preso em flagrante. O criminoso foi encaminhado ao plant\u00e3o policial do munic\u00edpio para o registro do boletim.<\/span><\/p>\n","protected":false},"excerpt":{"rendered":"<p>Na noite deste domingo (09), policiais militares da For\u00e7a T\u00e1tica do 8\u00ba Batalh\u00e3o apreenderam uma arma de fogo no Centro de Baixo Guandu. Uma pessoa foi detida.\u00a0 Durante o patrulhamento t\u00e1tico m\u00f3vel, os militares receberam a den\u00fancia de que um indiv\u00edduo estaria praticando roubos na regi\u00e3o. Imediatamente, a guarni\u00e7\u00e3o prosseguiu ao local informado e abordou [&hellip;]<\/p>\n","protected":false},"author":1,"featured_media":0,"comment_status":"open","ping_status":"open","sticky":false,"template":"","format":"standard","meta":[],"categories":[24],"tags":[],"_links":{"self":[{"href":"http:\/\/www.portalmantena.com.br\/novo\/index.php?rest_route=\/wp\/v2\/posts\/4469"}],"collection":[{"href":"http:\/\/www.portalmantena.com.br\/novo\/index.php?rest_route=\/wp\/v2\/posts"}],"about":[{"href":"http:\/\/www.portalmantena.com.br\/novo\/index.php?rest_route=\/wp\/v2\/types\/post"}],"author":[{"embeddable":true,"href":"http:\/\/www.portalmantena.com.br\/novo\/index.php?rest_route=\/wp\/v2\/users\/1"}],"replies":[{"embeddable":true,"href":"http:\/\/www.portalmantena.com.br\/novo\/index.php?rest_route=%2Fwp%2Fv2%2Fcomments&post=4469"}],"version-history":[{"count":1,"href":"http:\/\/www.portalmantena.com.br\/novo\/index.php?rest_route=\/wp\/v2\/posts\/4469\/revisions"}],"predecessor-version":[{"id":4470,"href":"http:\/\/www.portalmantena.com.br\/novo\/index.php?rest_route=\/wp\/v2\/posts\/4469\/revisions\/4470"}],"wp:attachment":[{"href":"http:\/\/www.portalmantena.com.br\/novo\/index.php?rest_route=%2Fwp%2Fv2%2Fmedia&parent=4469"}],"wp:term":[{"taxonomy":"category","embeddable":true,"href":"http:\/\/www.portalmantena.com.br\/novo\/index.php?rest_route=%2Fwp%2Fv2%2Fcategories&post=4469"},{"taxonomy":"post_tag","embeddable":true,"href":"http:\/\/www.portalmantena.com.br\/novo\/index.php?rest_route=%2Fwp%2Fv2%2Ftags&post=4469"}],"curies":[{"name":"wp","href":"https:\/\/api.w.org\/{rel}","templated":true}]}}