{"id":44544,"date":"2019-03-13T08:46:04","date_gmt":"2019-03-13T11:46:04","guid":{"rendered":"http:\/\/www.portalmantena.com.br\/novo\/?p=44544"},"modified":"2019-03-13T08:46:04","modified_gmt":"2019-03-13T11:46:04","slug":"ambiental-flagra-animais-presos-e-sem-agua-em-guriri","status":"publish","type":"post","link":"http:\/\/www.portalmantena.com.br\/novo\/?p=44544","title":{"rendered":"Ambiental flagra animais presos e sem \u00e1gua em Guriri"},"content":{"rendered":"<p><a href=\"http:\/\/www.portalmantena.com.br\/novo\/wp-content\/uploads\/2019\/03\/no130319egua.jpg\"><img loading=\"lazy\" class=\"alignnone size-full wp-image-44545\" src=\"http:\/\/www.portalmantena.com.br\/novo\/wp-content\/uploads\/2019\/03\/no130319egua.jpg\" alt=\"\" width=\"700\" height=\"450\" srcset=\"http:\/\/www.portalmantena.com.br\/novo\/wp-content\/uploads\/2019\/03\/no130319egua.jpg 700w, http:\/\/www.portalmantena.com.br\/novo\/wp-content\/uploads\/2019\/03\/no130319egua-300x193.jpg 300w, http:\/\/www.portalmantena.com.br\/novo\/wp-content\/uploads\/2019\/03\/no130319egua-696x447.jpg 696w, http:\/\/www.portalmantena.com.br\/novo\/wp-content\/uploads\/2019\/03\/no130319egua-653x420.jpg 653w\" sizes=\"(max-width: 700px) 100vw, 700px\" \/><\/a><\/p>\n<p><span style=\"font-size: 14pt;\">Neste domingo (10), policiais militares da 3\u00aa Companhia do Batalh\u00e3o de Pol\u00edcia Militar Ambiental foram acionados ap\u00f3s receberem den\u00fancia de maus tratos a equinos no bairro Guriri Norte, munic\u00edpio de S\u00e3o Mateus. <\/span><\/p>\n<p><span style=\"font-size: 14pt;\">Chegando ao local, os militares verificaram que havia uma \u00e9gua adulta amarrada num tronco sob o sol escaldante num terreno baldio, n\u00e3o se observando qualquer recipiente com \u00e1gua pr\u00f3ximo ao animal. <\/span><\/p>\n<p><span style=\"font-size: 14pt;\">Imediatamente os policiais providenciaram a retirada do equino do sol e, com aux\u00edlio de populares, colocaram um balde para aliviar a sede do animal. Em seguida, a guarni\u00e7\u00e3o verificou que havia um cavalo preso em outro terreno pr\u00f3ximo, e que o recipiente de \u00e1gua estava vazio. <\/span><\/p>\n<p><span style=\"font-size: 14pt;\">Durante as dilig\u00eancias, os militares abordaram um homem de 26 anos, que foi identificado como o tratador dos animais. De acordo com a equipe, o homem alegou que faz o tratamento pela manh\u00e3 e no final da tarde, e que os animais estariam acostumados a ficarem v\u00e1rias horas naquelas condi\u00e7\u00f5es. <\/span><\/p>\n<p><span style=\"font-size: 14pt;\">Diante do crime de maus tratos, o tratador dever\u00e1 comparecer ao Juizado Especial Criminal de S\u00e3o Mateus para prestar esclarecimentos. (fonte\/foto:PM).<\/span><\/p>\n<p><a href=\"http:\/\/www.portalmantena.com.br\/novo\/\"><img loading=\"lazy\" class=\"alignnone size-full wp-image-37331\" src=\"http:\/\/www.portalmantena.com.br\/novo\/wp-content\/uploads\/2018\/05\/faixaportalnoticias5.jpg\" alt=\"\" width=\"700\" height=\"40\" srcset=\"http:\/\/www.portalmantena.com.br\/novo\/wp-content\/uploads\/2018\/05\/faixaportalnoticias5.jpg 700w, http:\/\/www.portalmantena.com.br\/novo\/wp-content\/uploads\/2018\/05\/faixaportalnoticias5-300x17.jpg 300w, http:\/\/www.portalmantena.com.br\/novo\/wp-content\/uploads\/2018\/05\/faixaportalnoticias5-696x40.jpg 696w\" sizes=\"(max-width: 700px) 100vw, 700px\" \/><\/a><\/p>\n<p><span style=\"font-size: 10pt;\">ESPA\u00c7O EMPRESARIAL<\/span><a href=\"http:\/\/www.molvw.com.br\/\"><img loading=\"lazy\" class=\"alignnone size-full wp-image-29504\" src=\"http:\/\/www.portalmantena.com.br\/novo\/wp-content\/uploads\/2018\/05\/molvolkswagen.jpg\" alt=\"\" width=\"700\" height=\"150\" srcset=\"http:\/\/www.portalmantena.com.br\/novo\/wp-content\/uploads\/2018\/05\/molvolkswagen.jpg 700w, http:\/\/www.portalmantena.com.br\/novo\/wp-content\/uploads\/2018\/05\/molvolkswagen-300x64.jpg 300w, http:\/\/www.portalmantena.com.br\/novo\/wp-content\/uploads\/2018\/05\/molvolkswagen-696x150.jpg 696w\" sizes=\"(max-width: 700px) 100vw, 700px\" \/><\/a><\/p>\n","protected":false},"excerpt":{"rendered":"<p>Neste domingo (10), policiais militares da 3\u00aa Companhia do Batalh\u00e3o de Pol\u00edcia Militar Ambiental foram acionados ap\u00f3s receberem den\u00fancia de maus tratos a equinos no bairro Guriri Norte, munic\u00edpio de S\u00e3o Mateus. Chegando ao local, os militares verificaram que havia uma \u00e9gua adulta amarrada num tronco sob o sol escaldante num terreno baldio, n\u00e3o se [&hellip;]<\/p>\n","protected":false},"author":1,"featured_media":44545,"comment_status":"open","ping_status":"open","sticky":false,"template":"","format":"standard","meta":[],"categories":[11,34,39],"tags":[],"_links":{"self":[{"href":"http:\/\/www.portalmantena.com.br\/novo\/index.php?rest_route=\/wp\/v2\/posts\/44544"}],"collection":[{"href":"http:\/\/www.portalmantena.com.br\/novo\/index.php?rest_route=\/wp\/v2\/posts"}],"about":[{"href":"http:\/\/www.portalmantena.com.br\/novo\/index.php?rest_route=\/wp\/v2\/types\/post"}],"author":[{"embeddable":true,"href":"http:\/\/www.portalmantena.com.br\/novo\/index.php?rest_route=\/wp\/v2\/users\/1"}],"replies":[{"embeddable":true,"href":"http:\/\/www.portalmantena.com.br\/novo\/index.php?rest_route=%2Fwp%2Fv2%2Fcomments&post=44544"}],"version-history":[{"count":1,"href":"http:\/\/www.portalmantena.com.br\/novo\/index.php?rest_route=\/wp\/v2\/posts\/44544\/revisions"}],"predecessor-version":[{"id":44546,"href":"http:\/\/www.portalmantena.com.br\/novo\/index.php?rest_route=\/wp\/v2\/posts\/44544\/revisions\/44546"}],"wp:featuredmedia":[{"embeddable":true,"href":"http:\/\/www.portalmantena.com.br\/novo\/index.php?rest_route=\/wp\/v2\/media\/44545"}],"wp:attachment":[{"href":"http:\/\/www.portalmantena.com.br\/novo\/index.php?rest_route=%2Fwp%2Fv2%2Fmedia&parent=44544"}],"wp:term":[{"taxonomy":"category","embeddable":true,"href":"http:\/\/www.portalmantena.com.br\/novo\/index.php?rest_route=%2Fwp%2Fv2%2Fcategories&post=44544"},{"taxonomy":"post_tag","embeddable":true,"href":"http:\/\/www.portalmantena.com.br\/novo\/index.php?rest_route=%2Fwp%2Fv2%2Ftags&post=44544"}],"curies":[{"name":"wp","href":"https:\/\/api.w.org\/{rel}","templated":true}]}}