{"id":44541,"date":"2019-03-13T08:29:47","date_gmt":"2019-03-13T11:29:47","guid":{"rendered":"http:\/\/www.portalmantena.com.br\/novo\/?p=44541"},"modified":"2019-03-13T08:29:47","modified_gmt":"2019-03-13T11:29:47","slug":"denuncia-faz-policia-militar-localizar-carro-roubado","status":"publish","type":"post","link":"http:\/\/www.portalmantena.com.br\/novo\/?p=44541","title":{"rendered":"Den\u00fancia faz Pol\u00edcia Militar localizar carro roubado"},"content":{"rendered":"<p><a href=\"http:\/\/www.portalmantena.com.br\/novo\/wp-content\/uploads\/2019\/03\/pm3.jpg\"><img loading=\"lazy\" class=\"alignnone size-full wp-image-44542\" src=\"http:\/\/www.portalmantena.com.br\/novo\/wp-content\/uploads\/2019\/03\/pm3.jpg\" alt=\"\" width=\"700\" height=\"450\" srcset=\"http:\/\/www.portalmantena.com.br\/novo\/wp-content\/uploads\/2019\/03\/pm3.jpg 700w, http:\/\/www.portalmantena.com.br\/novo\/wp-content\/uploads\/2019\/03\/pm3-300x193.jpg 300w, http:\/\/www.portalmantena.com.br\/novo\/wp-content\/uploads\/2019\/03\/pm3-696x447.jpg 696w, http:\/\/www.portalmantena.com.br\/novo\/wp-content\/uploads\/2019\/03\/pm3-653x420.jpg 653w\" sizes=\"(max-width: 700px) 100vw, 700px\" \/><\/a><\/p>\n<p><span style=\"font-size: 14pt;\">Na tarde desta segunda-feira (11), policiais militares do 2\u00ba Batalh\u00e3o apreenderam um carro roubado no distrito de S\u00e3o Jos\u00e9 do Sobradinho, no munic\u00edpio capixaba de Boa Esperan\u00e7a. <\/span><\/p>\n<p><span style=\"font-size: 14pt;\">A a\u00e7\u00e3o resultou na deten\u00e7\u00e3o de uma pessoa. Ap\u00f3s receber uma den\u00fancia, a equipe de servi\u00e7o encontrou um ve\u00edculo\u00a0Fox de cor branca e consultou o banco de dados do Detran, confirmando que o carro havia sido roubado na zona rural de S\u00e3o Mateus, no \u00faltimo dia 1\u00ba. <\/span><\/p>\n<p><span style=\"font-size: 14pt;\">Na ocasi\u00e3o, al\u00e9m do ve\u00edculo, o criminoso levou R$ 12.000,00 em dinheiro da v\u00edtima. <\/span><\/p>\n<p><span style=\"font-size: 14pt;\">A resid\u00eancia onde o autom\u00f3vel foi localizado pertencia ao pai do suspeito, que relatou aos policiais que seu filho, n\u00e3o residia na casa e que ele havia deixado o ve\u00edculo ali no dia anterior, alegando ser de outra pessoa, uma vez que o acusado n\u00e3o possu\u00eda condi\u00e7\u00f5es financeiras de adquirir o carro. <\/span><\/p>\n<p><span style=\"font-size: 14pt;\">De posse das informa\u00e7\u00f5es, os militares deslocaram at\u00e9 a resid\u00eancia do suspeito. Ele foi detido e encaminhado ao plant\u00e3o policial de S\u00e3o Mateus. (fonte:PM).<\/span><\/p>\n<p><a href=\"http:\/\/www.portalmantena.com.br\/novo\/\"><img loading=\"lazy\" class=\"alignnone size-full wp-image-37331\" src=\"http:\/\/www.portalmantena.com.br\/novo\/wp-content\/uploads\/2018\/05\/faixaportalnoticias5.jpg\" alt=\"\" width=\"700\" height=\"40\" srcset=\"http:\/\/www.portalmantena.com.br\/novo\/wp-content\/uploads\/2018\/05\/faixaportalnoticias5.jpg 700w, http:\/\/www.portalmantena.com.br\/novo\/wp-content\/uploads\/2018\/05\/faixaportalnoticias5-300x17.jpg 300w, http:\/\/www.portalmantena.com.br\/novo\/wp-content\/uploads\/2018\/05\/faixaportalnoticias5-696x40.jpg 696w\" sizes=\"(max-width: 700px) 100vw, 700px\" \/><\/a><\/p>\n<p><span style=\"font-size: 10pt;\">ESPA\u00c7O EMPRESARIAL<\/span><a href=\"https:\/\/www.facebook.com\/redevalente\/\"><img loading=\"lazy\" class=\"alignnone size-full wp-image-29188\" src=\"http:\/\/www.portalmantena.com.br\/novo\/wp-content\/uploads\/2018\/05\/valentefaixa.jpg\" alt=\"\" width=\"700\" height=\"150\" srcset=\"http:\/\/www.portalmantena.com.br\/novo\/wp-content\/uploads\/2018\/05\/valentefaixa.jpg 700w, http:\/\/www.portalmantena.com.br\/novo\/wp-content\/uploads\/2018\/05\/valentefaixa-300x64.jpg 300w, http:\/\/www.portalmantena.com.br\/novo\/wp-content\/uploads\/2018\/05\/valentefaixa-696x150.jpg 696w\" sizes=\"(max-width: 700px) 100vw, 700px\" \/><\/a><\/p>\n","protected":false},"excerpt":{"rendered":"<p>Na tarde desta segunda-feira (11), policiais militares do 2\u00ba Batalh\u00e3o apreenderam um carro roubado no distrito de S\u00e3o Jos\u00e9 do Sobradinho, no munic\u00edpio capixaba de Boa Esperan\u00e7a. A a\u00e7\u00e3o resultou na deten\u00e7\u00e3o de uma pessoa. Ap\u00f3s receber uma den\u00fancia, a equipe de servi\u00e7o encontrou um ve\u00edculo\u00a0Fox de cor branca e consultou o banco de dados [&hellip;]<\/p>\n","protected":false},"author":1,"featured_media":44542,"comment_status":"open","ping_status":"open","sticky":false,"template":"","format":"standard","meta":[],"categories":[11,34],"tags":[],"_links":{"self":[{"href":"http:\/\/www.portalmantena.com.br\/novo\/index.php?rest_route=\/wp\/v2\/posts\/44541"}],"collection":[{"href":"http:\/\/www.portalmantena.com.br\/novo\/index.php?rest_route=\/wp\/v2\/posts"}],"about":[{"href":"http:\/\/www.portalmantena.com.br\/novo\/index.php?rest_route=\/wp\/v2\/types\/post"}],"author":[{"embeddable":true,"href":"http:\/\/www.portalmantena.com.br\/novo\/index.php?rest_route=\/wp\/v2\/users\/1"}],"replies":[{"embeddable":true,"href":"http:\/\/www.portalmantena.com.br\/novo\/index.php?rest_route=%2Fwp%2Fv2%2Fcomments&post=44541"}],"version-history":[{"count":1,"href":"http:\/\/www.portalmantena.com.br\/novo\/index.php?rest_route=\/wp\/v2\/posts\/44541\/revisions"}],"predecessor-version":[{"id":44543,"href":"http:\/\/www.portalmantena.com.br\/novo\/index.php?rest_route=\/wp\/v2\/posts\/44541\/revisions\/44543"}],"wp:featuredmedia":[{"embeddable":true,"href":"http:\/\/www.portalmantena.com.br\/novo\/index.php?rest_route=\/wp\/v2\/media\/44542"}],"wp:attachment":[{"href":"http:\/\/www.portalmantena.com.br\/novo\/index.php?rest_route=%2Fwp%2Fv2%2Fmedia&parent=44541"}],"wp:term":[{"taxonomy":"category","embeddable":true,"href":"http:\/\/www.portalmantena.com.br\/novo\/index.php?rest_route=%2Fwp%2Fv2%2Fcategories&post=44541"},{"taxonomy":"post_tag","embeddable":true,"href":"http:\/\/www.portalmantena.com.br\/novo\/index.php?rest_route=%2Fwp%2Fv2%2Ftags&post=44541"}],"curies":[{"name":"wp","href":"https:\/\/api.w.org\/{rel}","templated":true}]}}