{"id":4439,"date":"2017-04-10T18:34:11","date_gmt":"2017-04-10T21:34:11","guid":{"rendered":"http:\/\/www.portalmantena.com.br\/novo\/?p=4439"},"modified":"2017-04-10T15:46:11","modified_gmt":"2017-04-10T18:46:11","slug":"dia-mundial-da-saude-drogaminas-proporciona-atendimento-aos-idosos-do-asilo-em-mantena","status":"publish","type":"post","link":"http:\/\/www.portalmantena.com.br\/novo\/?p=4439","title":{"rendered":"Dia Mundial da Sa\u00fade, Drogaminas proporciona atendimento aos idosos do Asilo em Mantena"},"content":{"rendered":"<p><a href=\"http:\/\/www.portalmantena.com.br\/novo\/wp-content\/uploads\/2017\/04\/no100417farmacia2.jpg\"><img loading=\"lazy\" class=\"alignnone size-full wp-image-4441\" src=\"http:\/\/www.portalmantena.com.br\/novo\/wp-content\/uploads\/2017\/04\/no100417farmacia2.jpg\" alt=\"\" width=\"700\" height=\"450\" srcset=\"http:\/\/www.portalmantena.com.br\/novo\/wp-content\/uploads\/2017\/04\/no100417farmacia2.jpg 700w, http:\/\/www.portalmantena.com.br\/novo\/wp-content\/uploads\/2017\/04\/no100417farmacia2-300x193.jpg 300w, http:\/\/www.portalmantena.com.br\/novo\/wp-content\/uploads\/2017\/04\/no100417farmacia2-696x447.jpg 696w, http:\/\/www.portalmantena.com.br\/novo\/wp-content\/uploads\/2017\/04\/no100417farmacia2-653x420.jpg 653w\" sizes=\"(max-width: 700px) 100vw, 700px\" \/><\/a><\/p>\n<p><span style=\"font-size: 14pt;\">Preven\u00e7\u00e3o, aten\u00e7\u00e3o, dedica\u00e7\u00e3o e profissionalismo, a equipe da rede Drogaminas em Mantena realizou na \u00faltima semana mais uma de suas a\u00e7\u00f5es importantes de preven\u00e7\u00e3o contra doentes, atendendo desta vez os idosos do Lar Santo Ant\u00f4nio (Asilo). <\/span><\/p>\n<p><span style=\"font-size: 14pt;\">O Dia Mundial da Sa\u00fade foi monitorado pelas farmac\u00eauticas da Drogaminas, Dra. Thamiris Milla Ilh\u00e9us, Dra. D\u00e9bora Machado, Dra. Thays Lopes e Dra. Luana Oliveira. Foram realizados no local, testes de glicose e aferi\u00e7\u00e3o de press\u00e3o, beneficiando os idosos. <\/span><\/p>\n<p><span style=\"font-size: 14pt;\">O empres\u00e1rio Osnaldo tamb\u00e9m esteve presente, vendo de perto o carinho e aten\u00e7\u00e3o com que os idosos eram atendidos e ao final agradeceu toda sua equipe pela dedica\u00e7\u00e3o, \u201cfoi muito gratificante estar presente nesse trabalho diferenciado e personalizado! Muito obrigado toda a equipe que fez dessa a\u00e7\u00e3o um grande sucesso\u201d, concluiu. \u00a0<\/span><\/p>\n<p><a href=\"http:\/\/www.portalmantena.com.br\/novo\/wp-content\/uploads\/2017\/04\/no100417farmacia1.jpg\"><img loading=\"lazy\" class=\"alignnone size-full wp-image-4440\" src=\"http:\/\/www.portalmantena.com.br\/novo\/wp-content\/uploads\/2017\/04\/no100417farmacia1.jpg\" alt=\"\" width=\"700\" height=\"450\" srcset=\"http:\/\/www.portalmantena.com.br\/novo\/wp-content\/uploads\/2017\/04\/no100417farmacia1.jpg 700w, http:\/\/www.portalmantena.com.br\/novo\/wp-content\/uploads\/2017\/04\/no100417farmacia1-300x193.jpg 300w, http:\/\/www.portalmantena.com.br\/novo\/wp-content\/uploads\/2017\/04\/no100417farmacia1-696x447.jpg 696w, http:\/\/www.portalmantena.com.br\/novo\/wp-content\/uploads\/2017\/04\/no100417farmacia1-653x420.jpg 653w\" sizes=\"(max-width: 700px) 100vw, 700px\" \/><\/a><\/p>\n","protected":false},"excerpt":{"rendered":"<p>Preven\u00e7\u00e3o, aten\u00e7\u00e3o, dedica\u00e7\u00e3o e profissionalismo, a equipe da rede Drogaminas em Mantena realizou na \u00faltima semana mais uma de suas a\u00e7\u00f5es importantes de preven\u00e7\u00e3o contra doentes, atendendo desta vez os idosos do Lar Santo Ant\u00f4nio (Asilo). O Dia Mundial da Sa\u00fade foi monitorado pelas farmac\u00eauticas da Drogaminas, Dra. Thamiris Milla Ilh\u00e9us, Dra. D\u00e9bora Machado, Dra. [&hellip;]<\/p>\n","protected":false},"author":1,"featured_media":4441,"comment_status":"open","ping_status":"open","sticky":false,"template":"","format":"standard","meta":[],"categories":[36,11],"tags":[],"_links":{"self":[{"href":"http:\/\/www.portalmantena.com.br\/novo\/index.php?rest_route=\/wp\/v2\/posts\/4439"}],"collection":[{"href":"http:\/\/www.portalmantena.com.br\/novo\/index.php?rest_route=\/wp\/v2\/posts"}],"about":[{"href":"http:\/\/www.portalmantena.com.br\/novo\/index.php?rest_route=\/wp\/v2\/types\/post"}],"author":[{"embeddable":true,"href":"http:\/\/www.portalmantena.com.br\/novo\/index.php?rest_route=\/wp\/v2\/users\/1"}],"replies":[{"embeddable":true,"href":"http:\/\/www.portalmantena.com.br\/novo\/index.php?rest_route=%2Fwp%2Fv2%2Fcomments&post=4439"}],"version-history":[{"count":1,"href":"http:\/\/www.portalmantena.com.br\/novo\/index.php?rest_route=\/wp\/v2\/posts\/4439\/revisions"}],"predecessor-version":[{"id":4442,"href":"http:\/\/www.portalmantena.com.br\/novo\/index.php?rest_route=\/wp\/v2\/posts\/4439\/revisions\/4442"}],"wp:featuredmedia":[{"embeddable":true,"href":"http:\/\/www.portalmantena.com.br\/novo\/index.php?rest_route=\/wp\/v2\/media\/4441"}],"wp:attachment":[{"href":"http:\/\/www.portalmantena.com.br\/novo\/index.php?rest_route=%2Fwp%2Fv2%2Fmedia&parent=4439"}],"wp:term":[{"taxonomy":"category","embeddable":true,"href":"http:\/\/www.portalmantena.com.br\/novo\/index.php?rest_route=%2Fwp%2Fv2%2Fcategories&post=4439"},{"taxonomy":"post_tag","embeddable":true,"href":"http:\/\/www.portalmantena.com.br\/novo\/index.php?rest_route=%2Fwp%2Fv2%2Ftags&post=4439"}],"curies":[{"name":"wp","href":"https:\/\/api.w.org\/{rel}","templated":true}]}}