{"id":44336,"date":"2019-04-26T19:17:56","date_gmt":"2019-04-26T22:17:56","guid":{"rendered":"http:\/\/www.portalmantena.com.br\/novo\/?p=44336"},"modified":"2019-04-28T09:53:34","modified_gmt":"2019-04-28T12:53:34","slug":"mantena-entra-na-campanha-para-doacao-do-imposto-de-renda","status":"publish","type":"post","link":"http:\/\/www.portalmantena.com.br\/novo\/?p=44336","title":{"rendered":"Mantena: Ajude a Campanha Imposto de Renda Solid\u00e1rio"},"content":{"rendered":"<p><a href=\"http:\/\/www.portalmantena.com.br\/novo\/wp-content\/uploads\/2019\/03\/no070319forum.jpg\"><img loading=\"lazy\" class=\"alignnone size-full wp-image-44337\" src=\"http:\/\/www.portalmantena.com.br\/novo\/wp-content\/uploads\/2019\/03\/no070319forum.jpg\" alt=\"\" width=\"700\" height=\"450\" srcset=\"http:\/\/www.portalmantena.com.br\/novo\/wp-content\/uploads\/2019\/03\/no070319forum.jpg 700w, http:\/\/www.portalmantena.com.br\/novo\/wp-content\/uploads\/2019\/03\/no070319forum-300x193.jpg 300w, http:\/\/www.portalmantena.com.br\/novo\/wp-content\/uploads\/2019\/03\/no070319forum-696x447.jpg 696w, http:\/\/www.portalmantena.com.br\/novo\/wp-content\/uploads\/2019\/03\/no070319forum-653x420.jpg 653w\" sizes=\"(max-width: 700px) 100vw, 700px\" \/><\/a><\/p>\n<p><span style=\"font-size: 14pt;\">O Conselho Municipal dos Direitos da Crian\u00e7a e do Adolescente \u2013 CMDCA do munic\u00edpio de Mantena \u2013 MG, \u00f3rg\u00e3o gestor do Fundo Municipal dos Direitos da Crian\u00e7a e do Adolescente do Munic\u00edpio de Mantena MG &#8211; FMDCA, est\u00e1 realizando a Campanha para Doa\u00e7\u00e3o do Imposto de Renda <strong>Pessoas F\u00edsicas 2019\/2018.<\/strong><\/span><\/p>\n<p><span style=\"font-size: 14pt;\"><strong>Como doar?<\/strong><\/span><\/p>\n<p><span style=\"font-size: 14pt;\">A pessoa f\u00edsica obrigada a fazer a sua Declara\u00e7\u00e3o para Imposto de Renda poder\u00e1 optar por destinar uma parte de seu imposto devido, a ser verificado na elabora\u00e7\u00e3o de sua Declara\u00e7\u00e3o (de 07 de mar\u00e7o at\u00e9 30 de abril do ano 2019). Embora o limite de dedu\u00e7\u00e3o de pessoa f\u00edsica continue sendo 6%, o contribuinte que preferir destinar no momento da declara\u00e7\u00e3o de ajuste poder\u00e1 deduzir em at\u00e9 3%, limitado aos 6% totais.<\/span><\/p>\n<p><span style=\"font-size: 14pt;\"><strong>Quem pode doar? <\/strong><\/span><\/p>\n<p><span style=\"font-size: 14pt;\">Esta doa\u00e7\u00e3o SOMENTE pode ser efetivada caso a pessoa f\u00edsica apresente a declara\u00e7\u00e3o de forma COMPLETA (por dedu\u00e7\u00f5es legais).<\/span><\/p>\n<p><span style=\"font-size: 14pt;\"><strong>O que \u00e9 o FMDCA Municipal?<\/strong><\/span><\/p>\n<p><span style=\"font-size: 14pt;\">O Fundo Municipal dos Direitos da Crian\u00e7a e do Adolescente \u00e9 um aporte de recursos financeiros, controlado pelo Conselho Municipal dos Direitos da Crian\u00e7a e do Adolescente (CMDCA), para atender as pol\u00edticas p\u00fablicas voltadas a crian\u00e7as e adolescentes em estado de vulnerabilidade social, como aquelas abandonadas e desabrigadas, v\u00edtimas de maus tratos ou que sofrem abuso sexual.<\/span><\/p>\n<p><span style=\"font-size: 14pt;\">A pessoa f\u00edsica que investir:<\/span><\/p>\n<p><span style=\"font-size: 14pt;\">\u2192 Contribuir\u00e1 com o desenvolvimento de projetos de defesa dos direitos de crian\u00e7as e adolescentes com vulnerabilidade social.<\/span><\/p>\n<p><span style=\"font-size: 14pt;\">\u2192 Fortalecer\u00e1 programas de acompanhamento e forma\u00e7\u00e3o continuada de adolescentes.<\/span><\/p>\n<p><span style=\"font-size: 14pt;\">\u2192 Contribuir\u00e1 para reduzir fome e mis\u00e9ria.<\/span><\/p>\n<p><span style=\"font-size: 14pt;\">\u2192 Possibilitar\u00e1 a capacita\u00e7\u00e3o de Recursos Humanos e investimentos em projetos de pesquisa e estudo.<\/span><\/p>\n<p><span style=\"font-size: 14pt;\">\u2192 Evitar\u00e1 que crian\u00e7as e adolescentes fiquem sujeitas a situa\u00e7\u00f5es de abandono, desabrigo e maus tratos.<\/span><\/p>\n<p><span style=\"font-size: 14pt;\"><strong>Entidades de Mantena \u2013 MG que ser\u00e3o beneficiadas com a sua Doa\u00e7\u00e3o:<\/strong><\/span><\/p>\n<p><span style=\"font-size: 14pt;\">Instituto Nossa Senhora de F\u00e1tima<\/span><\/p>\n<p><span style=\"font-size: 14pt;\">Creche Casulo Amor a Crian\u00e7a<\/span><\/p>\n<p><span style=\"font-size: 14pt;\">Guarda Mirim de Mantena<\/span><\/p>\n<p><span style=\"font-size: 14pt;\">APAE<\/span><\/p>\n<p><span style=\"font-size: 14pt;\">Associa\u00e7\u00e3o de Prote\u00e7\u00e3o e Assist\u00eancia \u00e0s Fam\u00edlias-APAFA \u2013 Recanto da Esperan\u00e7a<\/span><\/p>\n<p><span style=\"font-size: 14pt;\">No final da manh\u00e3 desta quinta-feira, 28 de fevereiro de 2019, as 11:30 h aconteceu o lan\u00e7amento desta campanha, no Sal\u00e3o de J\u00fari da Comarca de Mantena MG, com a presen\u00e7a da Presidente do CMDCA de Mantena, Sra. Vanderlea Rodrigues Dias, do Vice-Presidente do CMDCA Sub Ten. Wender Ferreira Silva, do Promotor da Inf\u00e2ncia e da Juventude Dr. Paulo Elias Fevergnini Mendes Junior, do Juiz da Inf\u00e2ncia e da Juventude Dr. Paulo Jos\u00e9 Rezende Borges e dos Contadores da cidade Mantena: Lucas (Avant Contabilidade), Carlos Cezar (Contec Contabilidade), Adriano (Massariol &amp; Carvalho Contabilidade), Micheline (Ary Contabilidade), Rodrigo (CONTEF Contabilidade \u2013 Eduardo)<\/span><\/p>\n<p><span style=\"font-size: 14pt;\">Na oportunidade foi explicado como \u00e9 efetivada a doa\u00e7\u00e3o no Programa de Declara\u00e7\u00e3o de Imposto de Renda aos contadores; Esclareceu a import\u00e2ncia e o Papel dos contadores nesta campanha, pois muitos contribuintes (pessoas f\u00edsicas) os procuram neste per\u00edodo para realizarem o preenchimento e a entrega da Declara\u00e7\u00e3o. Todos os contadores presentes sa\u00edram sensibilidades e se colocaram \u00e0 disposi\u00e7\u00e3o para ajudar.<\/span><\/p>\n<p><span style=\"font-size: 14pt;\">A Presidente do CMDCA, Vanderlea Rodrigues Dias esclareceu como funciona o Conselho e o Fundo Municipal dos Direitos da Crian\u00e7a e do Adolescente, onde os recursos arrecadados na Campanha ser\u00e3o enviados para as entidades para suprirem as necessidades dos atendimentos que realizam.<\/span><\/p>\n<p><span style=\"font-size: 14pt;\">Dr. Paulo, Promotor da Inf\u00e2ncia da Juventude, parabenizou a iniciativa do CMDCA e disse da import\u00e2ncia desta campanha, pois os recursos arrecadados v\u00e3o ajudar inciativas de amparo a Crian\u00e7a e ao Adolescente em nossa cidade.<\/span><\/p>\n<p><span style=\"font-size: 14pt;\">Dr. Paulo, Juiz da Inf\u00e2ncia e da Juventude, tamb\u00e9m parabenizou e disse que os recursos arrecadados far\u00e3o muita diferen\u00e7a para que as entidades possam dar um atendimento de qualidades para as crian\u00e7as e adolescentes atendidos.<\/span><\/p>\n<p><span style=\"font-size: 14pt;\">Contamos com o apoio de todas as pessoas f\u00edsicas obrigadas ao preenchimento da Declara\u00e7\u00e3o de Imposto de Renda de forma Completa, que realizem suas doa\u00e7\u00f5es, pois em vez de pagar o imposto total \u00e0 Uni\u00e3o parte dele ser\u00e1 destinado \u00e1s entidades da sua cidade! Informe com o Contador ou procure o CMDCA para outros esclarecimentos.<\/span><\/p>\n<p><a href=\"http:\/\/www.portalmantena.com.br\/novo\/\"><img loading=\"lazy\" class=\"alignnone size-full wp-image-37331\" src=\"http:\/\/www.portalmantena.com.br\/novo\/wp-content\/uploads\/2018\/05\/faixaportalnoticias5.jpg\" alt=\"\" width=\"700\" height=\"40\" srcset=\"http:\/\/www.portalmantena.com.br\/novo\/wp-content\/uploads\/2018\/05\/faixaportalnoticias5.jpg 700w, http:\/\/www.portalmantena.com.br\/novo\/wp-content\/uploads\/2018\/05\/faixaportalnoticias5-300x17.jpg 300w, http:\/\/www.portalmantena.com.br\/novo\/wp-content\/uploads\/2018\/05\/faixaportalnoticias5-696x40.jpg 696w\" sizes=\"(max-width: 700px) 100vw, 700px\" \/><\/a><\/p>\n<p><span style=\"font-size: 10pt;\">ESPA\u00c7O EMPRESARIAL<\/span><a href=\"http:\/\/www.molvw.com.br\/\"><img loading=\"lazy\" class=\"alignnone size-full wp-image-29504\" src=\"http:\/\/www.portalmantena.com.br\/novo\/wp-content\/uploads\/2018\/05\/molvolkswagen.jpg\" alt=\"\" width=\"700\" height=\"150\" srcset=\"http:\/\/www.portalmantena.com.br\/novo\/wp-content\/uploads\/2018\/05\/molvolkswagen.jpg 700w, http:\/\/www.portalmantena.com.br\/novo\/wp-content\/uploads\/2018\/05\/molvolkswagen-300x64.jpg 300w, http:\/\/www.portalmantena.com.br\/novo\/wp-content\/uploads\/2018\/05\/molvolkswagen-696x150.jpg 696w\" sizes=\"(max-width: 700px) 100vw, 700px\" \/><\/a><\/p>\n<p>&nbsp;<\/p>\n","protected":false},"excerpt":{"rendered":"<p>O Conselho Municipal dos Direitos da Crian\u00e7a e do Adolescente \u2013 CMDCA do munic\u00edpio de Mantena \u2013 MG, \u00f3rg\u00e3o gestor do Fundo Municipal dos Direitos da Crian\u00e7a e do Adolescente do Munic\u00edpio de Mantena MG &#8211; FMDCA, est\u00e1 realizando a Campanha para Doa\u00e7\u00e3o do Imposto de Renda Pessoas F\u00edsicas 2019\/2018. Como doar? A pessoa f\u00edsica [&hellip;]<\/p>\n","protected":false},"author":1,"featured_media":44337,"comment_status":"open","ping_status":"open","sticky":false,"template":"","format":"standard","meta":[],"categories":[36,69],"tags":[],"_links":{"self":[{"href":"http:\/\/www.portalmantena.com.br\/novo\/index.php?rest_route=\/wp\/v2\/posts\/44336"}],"collection":[{"href":"http:\/\/www.portalmantena.com.br\/novo\/index.php?rest_route=\/wp\/v2\/posts"}],"about":[{"href":"http:\/\/www.portalmantena.com.br\/novo\/index.php?rest_route=\/wp\/v2\/types\/post"}],"author":[{"embeddable":true,"href":"http:\/\/www.portalmantena.com.br\/novo\/index.php?rest_route=\/wp\/v2\/users\/1"}],"replies":[{"embeddable":true,"href":"http:\/\/www.portalmantena.com.br\/novo\/index.php?rest_route=%2Fwp%2Fv2%2Fcomments&post=44336"}],"version-history":[{"count":5,"href":"http:\/\/www.portalmantena.com.br\/novo\/index.php?rest_route=\/wp\/v2\/posts\/44336\/revisions"}],"predecessor-version":[{"id":46289,"href":"http:\/\/www.portalmantena.com.br\/novo\/index.php?rest_route=\/wp\/v2\/posts\/44336\/revisions\/46289"}],"wp:featuredmedia":[{"embeddable":true,"href":"http:\/\/www.portalmantena.com.br\/novo\/index.php?rest_route=\/wp\/v2\/media\/44337"}],"wp:attachment":[{"href":"http:\/\/www.portalmantena.com.br\/novo\/index.php?rest_route=%2Fwp%2Fv2%2Fmedia&parent=44336"}],"wp:term":[{"taxonomy":"category","embeddable":true,"href":"http:\/\/www.portalmantena.com.br\/novo\/index.php?rest_route=%2Fwp%2Fv2%2Fcategories&post=44336"},{"taxonomy":"post_tag","embeddable":true,"href":"http:\/\/www.portalmantena.com.br\/novo\/index.php?rest_route=%2Fwp%2Fv2%2Ftags&post=44336"}],"curies":[{"name":"wp","href":"https:\/\/api.w.org\/{rel}","templated":true}]}}