{"id":44198,"date":"2019-03-01T10:03:35","date_gmt":"2019-03-01T13:03:35","guid":{"rendered":"http:\/\/www.portalmantena.com.br\/novo\/?p=44198"},"modified":"2019-03-01T10:03:35","modified_gmt":"2019-03-01T13:03:35","slug":"bancos-estarao-fechados-na-segunda-e-terca-de-carnaval","status":"publish","type":"post","link":"http:\/\/www.portalmantena.com.br\/novo\/?p=44198","title":{"rendered":"Bancos estar\u00e3o fechados na Segunda e Ter\u00e7a de Carnaval"},"content":{"rendered":"<p><a href=\"http:\/\/www.portalmantena.com.br\/novo\/wp-content\/uploads\/2019\/03\/no010319banco.jpg\"><img loading=\"lazy\" class=\"alignnone size-full wp-image-44199\" src=\"http:\/\/www.portalmantena.com.br\/novo\/wp-content\/uploads\/2019\/03\/no010319banco.jpg\" alt=\"\" width=\"700\" height=\"450\" srcset=\"http:\/\/www.portalmantena.com.br\/novo\/wp-content\/uploads\/2019\/03\/no010319banco.jpg 700w, http:\/\/www.portalmantena.com.br\/novo\/wp-content\/uploads\/2019\/03\/no010319banco-300x193.jpg 300w, http:\/\/www.portalmantena.com.br\/novo\/wp-content\/uploads\/2019\/03\/no010319banco-696x447.jpg 696w, http:\/\/www.portalmantena.com.br\/novo\/wp-content\/uploads\/2019\/03\/no010319banco-653x420.jpg 653w\" sizes=\"(max-width: 700px) 100vw, 700px\" \/><\/a><\/p>\n<p><span style=\"font-size: 14pt;\">Para este feriado de Carnaval 2019, a Federa\u00e7\u00e3o Brasileira de Bancos informou que as ag\u00eancias banc\u00e1rias v\u00e3o estar fechadas para atendimento ao p\u00fablico na segunda-feira (4) e na ter\u00e7a-feira (5 de Mar\u00e7o). <\/span><\/p>\n<p><span style=\"font-size: 14pt;\">A entidade informou que as contas de consumo (\u00e1gua, energia, telefone etc) e carn\u00eas com vencimento em 4 ou 5 de mar\u00e7o poder\u00e3o ser pagas, sem acr\u00e9scimo, a partir do meio-dia de quarta-feira, dia 6 de mar\u00e7o. <\/span><\/p>\n<p><span style=\"font-size: 14pt;\">Em Mantena, o Atendimento ao p\u00fablico ser\u00e1 de 12 \u00e0s 15 horas, conforme aviso afixado na porta da ag\u00eancia do Banco do Brasil.<\/span><\/p>\n<p><a href=\"http:\/\/www.portalmantena.com.br\/novo\/wp-content\/uploads\/2019\/03\/no010319banco2.jpg\"><img loading=\"lazy\" class=\"alignnone size-full wp-image-44200\" src=\"http:\/\/www.portalmantena.com.br\/novo\/wp-content\/uploads\/2019\/03\/no010319banco2.jpg\" alt=\"\" width=\"700\" height=\"450\" srcset=\"http:\/\/www.portalmantena.com.br\/novo\/wp-content\/uploads\/2019\/03\/no010319banco2.jpg 700w, http:\/\/www.portalmantena.com.br\/novo\/wp-content\/uploads\/2019\/03\/no010319banco2-300x193.jpg 300w, http:\/\/www.portalmantena.com.br\/novo\/wp-content\/uploads\/2019\/03\/no010319banco2-696x447.jpg 696w, http:\/\/www.portalmantena.com.br\/novo\/wp-content\/uploads\/2019\/03\/no010319banco2-653x420.jpg 653w\" sizes=\"(max-width: 700px) 100vw, 700px\" \/><\/a><a href=\"http:\/\/www.portalmantena.com.br\/novo\/\"><img loading=\"lazy\" class=\"alignnone size-full wp-image-37331\" src=\"http:\/\/www.portalmantena.com.br\/novo\/wp-content\/uploads\/2018\/05\/faixaportalnoticias5.jpg\" alt=\"\" width=\"700\" height=\"40\" srcset=\"http:\/\/www.portalmantena.com.br\/novo\/wp-content\/uploads\/2018\/05\/faixaportalnoticias5.jpg 700w, http:\/\/www.portalmantena.com.br\/novo\/wp-content\/uploads\/2018\/05\/faixaportalnoticias5-300x17.jpg 300w, http:\/\/www.portalmantena.com.br\/novo\/wp-content\/uploads\/2018\/05\/faixaportalnoticias5-696x40.jpg 696w\" sizes=\"(max-width: 700px) 100vw, 700px\" \/><\/a><\/p>\n<p><span style=\"font-size: 10pt;\">ESPA\u00c7O EMPRESARIAL<\/span><a href=\"https:\/\/www.facebook.com\/Tekol-Basic-1148561818529027\/\"><img loading=\"lazy\" class=\"alignnone size-full wp-image-42818\" src=\"http:\/\/www.portalmantena.com.br\/novo\/wp-content\/uploads\/2018\/05\/tekol210119.jpg\" alt=\"\" width=\"700\" height=\"150\" srcset=\"http:\/\/www.portalmantena.com.br\/novo\/wp-content\/uploads\/2018\/05\/tekol210119.jpg 700w, http:\/\/www.portalmantena.com.br\/novo\/wp-content\/uploads\/2018\/05\/tekol210119-300x64.jpg 300w, http:\/\/www.portalmantena.com.br\/novo\/wp-content\/uploads\/2018\/05\/tekol210119-696x150.jpg 696w\" sizes=\"(max-width: 700px) 100vw, 700px\" \/><\/a><\/p>\n","protected":false},"excerpt":{"rendered":"<p>Para este feriado de Carnaval 2019, a Federa\u00e7\u00e3o Brasileira de Bancos informou que as ag\u00eancias banc\u00e1rias v\u00e3o estar fechadas para atendimento ao p\u00fablico na segunda-feira (4) e na ter\u00e7a-feira (5 de Mar\u00e7o). A entidade informou que as contas de consumo (\u00e1gua, energia, telefone etc) e carn\u00eas com vencimento em 4 ou 5 de mar\u00e7o poder\u00e3o [&hellip;]<\/p>\n","protected":false},"author":1,"featured_media":44199,"comment_status":"open","ping_status":"open","sticky":false,"template":"","format":"standard","meta":[],"categories":[36,11],"tags":[],"_links":{"self":[{"href":"http:\/\/www.portalmantena.com.br\/novo\/index.php?rest_route=\/wp\/v2\/posts\/44198"}],"collection":[{"href":"http:\/\/www.portalmantena.com.br\/novo\/index.php?rest_route=\/wp\/v2\/posts"}],"about":[{"href":"http:\/\/www.portalmantena.com.br\/novo\/index.php?rest_route=\/wp\/v2\/types\/post"}],"author":[{"embeddable":true,"href":"http:\/\/www.portalmantena.com.br\/novo\/index.php?rest_route=\/wp\/v2\/users\/1"}],"replies":[{"embeddable":true,"href":"http:\/\/www.portalmantena.com.br\/novo\/index.php?rest_route=%2Fwp%2Fv2%2Fcomments&post=44198"}],"version-history":[{"count":1,"href":"http:\/\/www.portalmantena.com.br\/novo\/index.php?rest_route=\/wp\/v2\/posts\/44198\/revisions"}],"predecessor-version":[{"id":44201,"href":"http:\/\/www.portalmantena.com.br\/novo\/index.php?rest_route=\/wp\/v2\/posts\/44198\/revisions\/44201"}],"wp:featuredmedia":[{"embeddable":true,"href":"http:\/\/www.portalmantena.com.br\/novo\/index.php?rest_route=\/wp\/v2\/media\/44199"}],"wp:attachment":[{"href":"http:\/\/www.portalmantena.com.br\/novo\/index.php?rest_route=%2Fwp%2Fv2%2Fmedia&parent=44198"}],"wp:term":[{"taxonomy":"category","embeddable":true,"href":"http:\/\/www.portalmantena.com.br\/novo\/index.php?rest_route=%2Fwp%2Fv2%2Fcategories&post=44198"},{"taxonomy":"post_tag","embeddable":true,"href":"http:\/\/www.portalmantena.com.br\/novo\/index.php?rest_route=%2Fwp%2Fv2%2Ftags&post=44198"}],"curies":[{"name":"wp","href":"https:\/\/api.w.org\/{rel}","templated":true}]}}