{"id":44189,"date":"2019-03-01T09:23:53","date_gmt":"2019-03-01T12:23:53","guid":{"rendered":"http:\/\/www.portalmantena.com.br\/novo\/?p=44189"},"modified":"2019-03-01T10:08:11","modified_gmt":"2019-03-01T13:08:11","slug":"animais-na-pista-provocam-acidente-com-caminhao","status":"publish","type":"post","link":"http:\/\/www.portalmantena.com.br\/novo\/?p=44189","title":{"rendered":"Animais na pista provocam acidente na regi\u00e3o"},"content":{"rendered":"<p><a href=\"http:\/\/www.portalmantena.com.br\/novo\/wp-content\/uploads\/2019\/03\/no010319aci1.jpg\"><img loading=\"lazy\" class=\"alignnone size-full wp-image-44190\" src=\"http:\/\/www.portalmantena.com.br\/novo\/wp-content\/uploads\/2019\/03\/no010319aci1.jpg\" alt=\"\" width=\"700\" height=\"450\" srcset=\"http:\/\/www.portalmantena.com.br\/novo\/wp-content\/uploads\/2019\/03\/no010319aci1.jpg 700w, http:\/\/www.portalmantena.com.br\/novo\/wp-content\/uploads\/2019\/03\/no010319aci1-300x193.jpg 300w, http:\/\/www.portalmantena.com.br\/novo\/wp-content\/uploads\/2019\/03\/no010319aci1-696x447.jpg 696w, http:\/\/www.portalmantena.com.br\/novo\/wp-content\/uploads\/2019\/03\/no010319aci1-653x420.jpg 653w\" sizes=\"(max-width: 700px) 100vw, 700px\" \/><\/a><\/p>\n<p><span style=\"font-size: 14pt;\">Mais um acidente, provavelmente provocado pela presen\u00e7a de animais na pista (gado), foi registrado nas estradas da regi\u00e3o. <\/span><\/p>\n<p><span style=\"font-size: 14pt;\">O fato aconteceu na manh\u00e3 desta sexta-feira, 1\u00ba de mar\u00e7o, quando o condutor de um caminh\u00e3o Mercedes Benz L1620 Truck, de cor vermelha, seguia pela MGC 381 entre a cidade de Central de Minas e o povoado de Maced\u00f4nia. <\/span><\/p>\n<p><span style=\"font-size: 14pt;\">Segundo informa\u00e7\u00f5es, ao descer a Serra, o motorista teria se deparado com vacas atravessando a rodovia. Ao tentar desviar o caminh\u00e3o, que estava carregado com sacas de milho, o motorista perdeu o controle da dire\u00e7\u00e3o, saindo da pista, caindo em uma canaleta e tombado o caminh\u00e3o. <\/span><\/p>\n<p><span style=\"font-size: 14pt;\">O ve\u00edculo ficou com as rodas pra cima, interditando boa parte da pista. De acordo com relatos ele n\u00e3o se feriu gravemente, por\u00e9m foi levado para atendimento m\u00e9dico na cidade de Central de Minas. (Fotos:redesocial\/whatsapp)<\/span><\/p>\n<p><a href=\"http:\/\/www.portalmantena.com.br\/novo\/wp-content\/uploads\/2019\/03\/no010319aci2.jpg\"><img loading=\"lazy\" class=\"alignnone size-full wp-image-44191\" src=\"http:\/\/www.portalmantena.com.br\/novo\/wp-content\/uploads\/2019\/03\/no010319aci2.jpg\" alt=\"\" width=\"700\" height=\"450\" srcset=\"http:\/\/www.portalmantena.com.br\/novo\/wp-content\/uploads\/2019\/03\/no010319aci2.jpg 700w, http:\/\/www.portalmantena.com.br\/novo\/wp-content\/uploads\/2019\/03\/no010319aci2-300x193.jpg 300w, http:\/\/www.portalmantena.com.br\/novo\/wp-content\/uploads\/2019\/03\/no010319aci2-696x447.jpg 696w, http:\/\/www.portalmantena.com.br\/novo\/wp-content\/uploads\/2019\/03\/no010319aci2-653x420.jpg 653w\" sizes=\"(max-width: 700px) 100vw, 700px\" \/><\/a> <a href=\"http:\/\/www.portalmantena.com.br\/novo\/wp-content\/uploads\/2019\/03\/no010319aci3.jpg\"><img loading=\"lazy\" class=\"alignnone size-full wp-image-44192\" src=\"http:\/\/www.portalmantena.com.br\/novo\/wp-content\/uploads\/2019\/03\/no010319aci3.jpg\" alt=\"\" width=\"700\" height=\"450\" srcset=\"http:\/\/www.portalmantena.com.br\/novo\/wp-content\/uploads\/2019\/03\/no010319aci3.jpg 700w, http:\/\/www.portalmantena.com.br\/novo\/wp-content\/uploads\/2019\/03\/no010319aci3-300x193.jpg 300w, http:\/\/www.portalmantena.com.br\/novo\/wp-content\/uploads\/2019\/03\/no010319aci3-696x447.jpg 696w, http:\/\/www.portalmantena.com.br\/novo\/wp-content\/uploads\/2019\/03\/no010319aci3-653x420.jpg 653w\" sizes=\"(max-width: 700px) 100vw, 700px\" \/><\/a><a href=\"http:\/\/www.portalmantena.com.br\/novo\/\"><img loading=\"lazy\" class=\"alignnone size-full wp-image-37331\" src=\"http:\/\/www.portalmantena.com.br\/novo\/wp-content\/uploads\/2018\/05\/faixaportalnoticias5.jpg\" alt=\"\" width=\"700\" height=\"40\" srcset=\"http:\/\/www.portalmantena.com.br\/novo\/wp-content\/uploads\/2018\/05\/faixaportalnoticias5.jpg 700w, http:\/\/www.portalmantena.com.br\/novo\/wp-content\/uploads\/2018\/05\/faixaportalnoticias5-300x17.jpg 300w, http:\/\/www.portalmantena.com.br\/novo\/wp-content\/uploads\/2018\/05\/faixaportalnoticias5-696x40.jpg 696w\" sizes=\"(max-width: 700px) 100vw, 700px\" \/><\/a><\/p>\n<p><span style=\"font-size: 10pt;\">ESPA\u00c7O EMPRESARIAL<\/span><a href=\"http:\/\/www.temposolar.com.br\/\"><img loading=\"lazy\" class=\"alignnone size-full wp-image-44084\" src=\"http:\/\/www.portalmantena.com.br\/novo\/wp-content\/uploads\/2018\/05\/temposolarbb.jpg\" alt=\"\" width=\"700\" height=\"150\" srcset=\"http:\/\/www.portalmantena.com.br\/novo\/wp-content\/uploads\/2018\/05\/temposolarbb.jpg 700w, http:\/\/www.portalmantena.com.br\/novo\/wp-content\/uploads\/2018\/05\/temposolarbb-300x64.jpg 300w, http:\/\/www.portalmantena.com.br\/novo\/wp-content\/uploads\/2018\/05\/temposolarbb-696x150.jpg 696w\" sizes=\"(max-width: 700px) 100vw, 700px\" \/><\/a><\/p>\n","protected":false},"excerpt":{"rendered":"<p>Mais um acidente, provavelmente provocado pela presen\u00e7a de animais na pista (gado), foi registrado nas estradas da regi\u00e3o. O fato aconteceu na manh\u00e3 desta sexta-feira, 1\u00ba de mar\u00e7o, quando o condutor de um caminh\u00e3o Mercedes Benz L1620 Truck, de cor vermelha, seguia pela MGC 381 entre a cidade de Central de Minas e o povoado [&hellip;]<\/p>\n","protected":false},"author":1,"featured_media":44190,"comment_status":"open","ping_status":"open","sticky":false,"template":"","format":"standard","meta":[],"categories":[11,39],"tags":[],"_links":{"self":[{"href":"http:\/\/www.portalmantena.com.br\/novo\/index.php?rest_route=\/wp\/v2\/posts\/44189"}],"collection":[{"href":"http:\/\/www.portalmantena.com.br\/novo\/index.php?rest_route=\/wp\/v2\/posts"}],"about":[{"href":"http:\/\/www.portalmantena.com.br\/novo\/index.php?rest_route=\/wp\/v2\/types\/post"}],"author":[{"embeddable":true,"href":"http:\/\/www.portalmantena.com.br\/novo\/index.php?rest_route=\/wp\/v2\/users\/1"}],"replies":[{"embeddable":true,"href":"http:\/\/www.portalmantena.com.br\/novo\/index.php?rest_route=%2Fwp%2Fv2%2Fcomments&post=44189"}],"version-history":[{"count":3,"href":"http:\/\/www.portalmantena.com.br\/novo\/index.php?rest_route=\/wp\/v2\/posts\/44189\/revisions"}],"predecessor-version":[{"id":44203,"href":"http:\/\/www.portalmantena.com.br\/novo\/index.php?rest_route=\/wp\/v2\/posts\/44189\/revisions\/44203"}],"wp:featuredmedia":[{"embeddable":true,"href":"http:\/\/www.portalmantena.com.br\/novo\/index.php?rest_route=\/wp\/v2\/media\/44190"}],"wp:attachment":[{"href":"http:\/\/www.portalmantena.com.br\/novo\/index.php?rest_route=%2Fwp%2Fv2%2Fmedia&parent=44189"}],"wp:term":[{"taxonomy":"category","embeddable":true,"href":"http:\/\/www.portalmantena.com.br\/novo\/index.php?rest_route=%2Fwp%2Fv2%2Fcategories&post=44189"},{"taxonomy":"post_tag","embeddable":true,"href":"http:\/\/www.portalmantena.com.br\/novo\/index.php?rest_route=%2Fwp%2Fv2%2Ftags&post=44189"}],"curies":[{"name":"wp","href":"https:\/\/api.w.org\/{rel}","templated":true}]}}