{"id":44177,"date":"2019-02-28T23:43:19","date_gmt":"2019-03-01T02:43:19","guid":{"rendered":"http:\/\/www.portalmantena.com.br\/novo\/?p=44177"},"modified":"2019-02-28T16:35:22","modified_gmt":"2019-02-28T19:35:22","slug":"por-divida-de-r-40-reais-3-menores-quase-matam-um-homem","status":"publish","type":"post","link":"http:\/\/www.portalmantena.com.br\/novo\/?p=44177","title":{"rendered":"Por d\u00edvida de R$ 40 reais, 3 menores quase matam um homem"},"content":{"rendered":"<p><a href=\"http:\/\/www.portalmantena.com.br\/novo\/wp-content\/uploads\/2019\/02\/pm25.jpg\"><img loading=\"lazy\" class=\"alignnone size-full wp-image-44178\" src=\"http:\/\/www.portalmantena.com.br\/novo\/wp-content\/uploads\/2019\/02\/pm25.jpg\" alt=\"\" width=\"700\" height=\"450\" srcset=\"http:\/\/www.portalmantena.com.br\/novo\/wp-content\/uploads\/2019\/02\/pm25.jpg 700w, http:\/\/www.portalmantena.com.br\/novo\/wp-content\/uploads\/2019\/02\/pm25-300x193.jpg 300w, http:\/\/www.portalmantena.com.br\/novo\/wp-content\/uploads\/2019\/02\/pm25-696x447.jpg 696w, http:\/\/www.portalmantena.com.br\/novo\/wp-content\/uploads\/2019\/02\/pm25-653x420.jpg 653w\" sizes=\"(max-width: 700px) 100vw, 700px\" \/><\/a><\/p>\n<p><span style=\"font-size: 14pt;\">Ap\u00f3s agredirem um homem de 39 anos com uma estaca de eucalipto e telhas de cer\u00e2mica, tr\u00eas adolescentes foram apreendidos em flagrante pela Pol\u00edcia Militar na manh\u00e3 desta quarta-feira (27), na cidade capixaba de Nova Ven\u00e9cia. <\/span><\/p>\n<p><span style=\"font-size: 14pt;\">A v\u00edtima teve o bra\u00e7o quebrado e diversas escoria\u00e7\u00f5es no corpo e foi encaminhada ao Hospital S\u00e3o Marcos em Nova Ven\u00e9cia, sendo posteriormente transferida para o Hospital Roberto Silvares em S\u00e3o Mateus, devido \u00e0 gravidade dos ferimentos. <\/span><\/p>\n<p><span style=\"font-size: 14pt;\">A viol\u00eancia ocorreu porque o homem n\u00e3o quitou uma d\u00edvida de drogas com os acusados. Segundo o comandante do 2\u00ba Batalh\u00e3o, tenente-coronel Mario Marcelo Dal Col, a a\u00e7\u00e3o policial foi registrada no bairro R\u00fabia, por volta das 10h50\u2019. <\/span><\/p>\n<p><span style=\"font-size: 14pt;\">Os agentes do Servi\u00e7o de Intelig\u00eancia (P2) realizavam levantamentos no local quando avistaram tr\u00eas indiv\u00edduos agredindo um homem. Imediatamente a equipe policial abordou os suspeitos. <\/span><\/p>\n<p><span style=\"font-size: 14pt;\">O trio foi detido no local e conduzido ao plant\u00e3o policial do munic\u00edpio. Com eles foi apreendida uma estaca de eucalipto tratado utilizada nas agress\u00f5es medindo aproximadamente 1,5 metros. De acordo com o tenente-coronel Dal Col, o homem contou que as agress\u00f5es foram motivadas por uma d\u00edvida de R$ 40,00 que ele devia ao grupo e n\u00e3o tinha quitado. <\/span><\/p>\n<p><span style=\"font-size: 14pt;\">Os tr\u00eas menores j\u00e1 t\u00eam passagens por envolvimento com o tr\u00e1fico de drogas. (fonte:PM).<\/span><\/p>\n<p><a href=\"http:\/\/www.portalmantena.com.br\/novo\/\"><img loading=\"lazy\" class=\"alignnone size-full wp-image-37331\" src=\"http:\/\/www.portalmantena.com.br\/novo\/wp-content\/uploads\/2018\/05\/faixaportalnoticias5.jpg\" alt=\"\" width=\"700\" height=\"40\" srcset=\"http:\/\/www.portalmantena.com.br\/novo\/wp-content\/uploads\/2018\/05\/faixaportalnoticias5.jpg 700w, http:\/\/www.portalmantena.com.br\/novo\/wp-content\/uploads\/2018\/05\/faixaportalnoticias5-300x17.jpg 300w, http:\/\/www.portalmantena.com.br\/novo\/wp-content\/uploads\/2018\/05\/faixaportalnoticias5-696x40.jpg 696w\" sizes=\"(max-width: 700px) 100vw, 700px\" \/><\/a><\/p>\n<p><span style=\"font-size: 10pt;\">ESPA\u00c7O EMPRESARIAL<\/span><a href=\"http:\/\/www.temposolar.com.br\/\"><img loading=\"lazy\" class=\"alignnone size-full wp-image-44084\" src=\"http:\/\/www.portalmantena.com.br\/novo\/wp-content\/uploads\/2018\/05\/temposolarbb.jpg\" alt=\"\" width=\"700\" height=\"150\" srcset=\"http:\/\/www.portalmantena.com.br\/novo\/wp-content\/uploads\/2018\/05\/temposolarbb.jpg 700w, http:\/\/www.portalmantena.com.br\/novo\/wp-content\/uploads\/2018\/05\/temposolarbb-300x64.jpg 300w, http:\/\/www.portalmantena.com.br\/novo\/wp-content\/uploads\/2018\/05\/temposolarbb-696x150.jpg 696w\" sizes=\"(max-width: 700px) 100vw, 700px\" \/><\/a><\/p>\n","protected":false},"excerpt":{"rendered":"<p>Ap\u00f3s agredirem um homem de 39 anos com uma estaca de eucalipto e telhas de cer\u00e2mica, tr\u00eas adolescentes foram apreendidos em flagrante pela Pol\u00edcia Militar na manh\u00e3 desta quarta-feira (27), na cidade capixaba de Nova Ven\u00e9cia. A v\u00edtima teve o bra\u00e7o quebrado e diversas escoria\u00e7\u00f5es no corpo e foi encaminhada ao Hospital S\u00e3o Marcos em [&hellip;]<\/p>\n","protected":false},"author":1,"featured_media":44178,"comment_status":"open","ping_status":"open","sticky":false,"template":"","format":"standard","meta":[],"categories":[11,34],"tags":[],"_links":{"self":[{"href":"http:\/\/www.portalmantena.com.br\/novo\/index.php?rest_route=\/wp\/v2\/posts\/44177"}],"collection":[{"href":"http:\/\/www.portalmantena.com.br\/novo\/index.php?rest_route=\/wp\/v2\/posts"}],"about":[{"href":"http:\/\/www.portalmantena.com.br\/novo\/index.php?rest_route=\/wp\/v2\/types\/post"}],"author":[{"embeddable":true,"href":"http:\/\/www.portalmantena.com.br\/novo\/index.php?rest_route=\/wp\/v2\/users\/1"}],"replies":[{"embeddable":true,"href":"http:\/\/www.portalmantena.com.br\/novo\/index.php?rest_route=%2Fwp%2Fv2%2Fcomments&post=44177"}],"version-history":[{"count":1,"href":"http:\/\/www.portalmantena.com.br\/novo\/index.php?rest_route=\/wp\/v2\/posts\/44177\/revisions"}],"predecessor-version":[{"id":44179,"href":"http:\/\/www.portalmantena.com.br\/novo\/index.php?rest_route=\/wp\/v2\/posts\/44177\/revisions\/44179"}],"wp:featuredmedia":[{"embeddable":true,"href":"http:\/\/www.portalmantena.com.br\/novo\/index.php?rest_route=\/wp\/v2\/media\/44178"}],"wp:attachment":[{"href":"http:\/\/www.portalmantena.com.br\/novo\/index.php?rest_route=%2Fwp%2Fv2%2Fmedia&parent=44177"}],"wp:term":[{"taxonomy":"category","embeddable":true,"href":"http:\/\/www.portalmantena.com.br\/novo\/index.php?rest_route=%2Fwp%2Fv2%2Fcategories&post=44177"},{"taxonomy":"post_tag","embeddable":true,"href":"http:\/\/www.portalmantena.com.br\/novo\/index.php?rest_route=%2Fwp%2Fv2%2Ftags&post=44177"}],"curies":[{"name":"wp","href":"https:\/\/api.w.org\/{rel}","templated":true}]}}