{"id":4415,"date":"2017-04-10T19:05:34","date_gmt":"2017-04-10T22:05:34","guid":{"rendered":"http:\/\/www.portalmantena.com.br\/novo\/?p=4415"},"modified":"2017-04-10T14:06:20","modified_gmt":"2017-04-10T17:06:20","slug":"rapaz-de-20-anos-morrem-em-acidente-em-barra-de-sao-francisco","status":"publish","type":"post","link":"http:\/\/www.portalmantena.com.br\/novo\/?p=4415","title":{"rendered":"Rapaz de 20 anos morre em acidente em Barra de S\u00e3o Francisco"},"content":{"rendered":"<p><span style=\"font-size: 14pt;\">Um acidente com morte foi registrado pela Pol\u00edcia Militar na manh\u00e3 do \u00faltimo s\u00e1bado, 08 de abril, na Rodovia ES\/320, pr\u00f3ximo do Bar do Evaldo, em Barra de S\u00e3o Francisco. <\/span><\/p>\n<p><span style=\"font-size: 14pt;\">Segundo informa\u00e7\u00f5es, o condutor do ve\u00edculo Gol,\u00a0<strong>Deivyson Pereira Guedes<\/strong>, de 20 anos de idade, foi encontrado por pessoas que transitavam no local por volta de 06h40\u2019, no interior do ve\u00edculo. De acordo com informa\u00e7\u00f5es, ele caiu em uma valeta. Deivyson era morador do Denzol, interior de Barra de S\u00e3o Francisco. <\/span><\/p>\n<p><span style=\"font-size: 14pt;\">Amigos e conhecidos disseram que Deivyson foi visto em uma Festa em Barra de S\u00e3o Francisco. Peritos da cidade de Colatina foram direcionados\u00a0para o local. (com informa\u00e7\u00f5es sitebarra)<\/span><\/p>\n","protected":false},"excerpt":{"rendered":"<p>Um acidente com morte foi registrado pela Pol\u00edcia Militar na manh\u00e3 do \u00faltimo s\u00e1bado, 08 de abril, na Rodovia ES\/320, pr\u00f3ximo do Bar do Evaldo, em Barra de S\u00e3o Francisco. Segundo informa\u00e7\u00f5es, o condutor do ve\u00edculo Gol,\u00a0Deivyson Pereira Guedes, de 20 anos de idade, foi encontrado por pessoas que transitavam no local por volta de [&hellip;]<\/p>\n","protected":false},"author":1,"featured_media":0,"comment_status":"open","ping_status":"open","sticky":false,"template":"","format":"standard","meta":[],"categories":[24],"tags":[],"_links":{"self":[{"href":"http:\/\/www.portalmantena.com.br\/novo\/index.php?rest_route=\/wp\/v2\/posts\/4415"}],"collection":[{"href":"http:\/\/www.portalmantena.com.br\/novo\/index.php?rest_route=\/wp\/v2\/posts"}],"about":[{"href":"http:\/\/www.portalmantena.com.br\/novo\/index.php?rest_route=\/wp\/v2\/types\/post"}],"author":[{"embeddable":true,"href":"http:\/\/www.portalmantena.com.br\/novo\/index.php?rest_route=\/wp\/v2\/users\/1"}],"replies":[{"embeddable":true,"href":"http:\/\/www.portalmantena.com.br\/novo\/index.php?rest_route=%2Fwp%2Fv2%2Fcomments&post=4415"}],"version-history":[{"count":2,"href":"http:\/\/www.portalmantena.com.br\/novo\/index.php?rest_route=\/wp\/v2\/posts\/4415\/revisions"}],"predecessor-version":[{"id":4417,"href":"http:\/\/www.portalmantena.com.br\/novo\/index.php?rest_route=\/wp\/v2\/posts\/4415\/revisions\/4417"}],"wp:attachment":[{"href":"http:\/\/www.portalmantena.com.br\/novo\/index.php?rest_route=%2Fwp%2Fv2%2Fmedia&parent=4415"}],"wp:term":[{"taxonomy":"category","embeddable":true,"href":"http:\/\/www.portalmantena.com.br\/novo\/index.php?rest_route=%2Fwp%2Fv2%2Fcategories&post=4415"},{"taxonomy":"post_tag","embeddable":true,"href":"http:\/\/www.portalmantena.com.br\/novo\/index.php?rest_route=%2Fwp%2Fv2%2Ftags&post=4415"}],"curies":[{"name":"wp","href":"https:\/\/api.w.org\/{rel}","templated":true}]}}