{"id":44104,"date":"2019-02-27T03:38:12","date_gmt":"2019-02-27T06:38:12","guid":{"rendered":"http:\/\/www.portalmantena.com.br\/novo\/?p=44104"},"modified":"2019-02-26T17:01:25","modified_gmt":"2019-02-26T20:01:25","slug":"suspeitos-de-homicidio-e-ocultacao-de-cadaver-sao-detidos","status":"publish","type":"post","link":"http:\/\/www.portalmantena.com.br\/novo\/?p=44104","title":{"rendered":"Suspeitos de homic\u00eddio e oculta\u00e7\u00e3o de cad\u00e1ver s\u00e3o detidos"},"content":{"rendered":"<p><a href=\"http:\/\/www.portalmantena.com.br\/novo\/wp-content\/uploads\/2019\/02\/pm24.jpg\"><img loading=\"lazy\" class=\"alignnone size-full wp-image-44105\" src=\"http:\/\/www.portalmantena.com.br\/novo\/wp-content\/uploads\/2019\/02\/pm24.jpg\" alt=\"\" width=\"700\" height=\"450\" srcset=\"http:\/\/www.portalmantena.com.br\/novo\/wp-content\/uploads\/2019\/02\/pm24.jpg 700w, http:\/\/www.portalmantena.com.br\/novo\/wp-content\/uploads\/2019\/02\/pm24-300x193.jpg 300w, http:\/\/www.portalmantena.com.br\/novo\/wp-content\/uploads\/2019\/02\/pm24-696x447.jpg 696w, http:\/\/www.portalmantena.com.br\/novo\/wp-content\/uploads\/2019\/02\/pm24-653x420.jpg 653w\" sizes=\"(max-width: 700px) 100vw, 700px\" \/><\/a><\/p>\n<p><span style=\"font-size: 14pt;\">Um jovem de 18 anos foi preso e um adolescente de 16 anos foi apreendido, na manh\u00e3 desta segunda-feira (15), na cidade capixaba de Pinheiros. A dupla \u00e9 acusada de ter assassinado um homem e ocultado o cad\u00e1ver, no dia 04 de fevereiro desse m\u00eas, naquele munic\u00edpio. <\/span><\/p>\n<p><span style=\"font-size: 14pt;\">Segundo o comandante do 2\u00ba Batalh\u00e3o, tenente-coronel Mario Marcelo Dal Col, o corpo da v\u00edtima foi encontrado enterrado numa cova rasa, no meio de um cafezal, na sa\u00edda para o Distrito de Vila Fernandes. <\/span><\/p>\n<p><span style=\"font-size: 14pt;\">\u00a0A opera\u00e7\u00e3o foi realizada por agentes do Servi\u00e7o de Intelig\u00eancia, militares da Radiopatrulha do 2\u00ba Batalh\u00e3o e um investigador da PC, durante o cumprimento de um mandado de pris\u00e3o e um mandado de busca e apreens\u00e3o de adolescente, expedidos pela ju\u00edza da comarca de Pinheiros. <\/span><\/p>\n<p><span style=\"font-size: 14pt;\">A abordagem aconteceu no Bairro Vila Nova, por volta das 11h15\u2019. Os dois foram encaminhados \u00e0 Delegacia de plant\u00e3o do munic\u00edpio. De acordo com o tenente-coronel Dal Col, a dupla j\u00e1 tem passagens por tr\u00e1fico de drogas e porte ilegal de arma de fogo. <\/span><\/p>\n<p><span style=\"font-size: 14pt;\">O menor inclusive foi apreendido com drogas no m\u00eas de janeiro deste ano. (fonte:PM).<\/span><\/p>\n<p><a href=\"http:\/\/www.portalmantena.com.br\/novo\/\"><img loading=\"lazy\" class=\"alignnone size-full wp-image-37331\" src=\"http:\/\/www.portalmantena.com.br\/novo\/wp-content\/uploads\/2018\/05\/faixaportalnoticias5.jpg\" alt=\"\" width=\"700\" height=\"40\" srcset=\"http:\/\/www.portalmantena.com.br\/novo\/wp-content\/uploads\/2018\/05\/faixaportalnoticias5.jpg 700w, http:\/\/www.portalmantena.com.br\/novo\/wp-content\/uploads\/2018\/05\/faixaportalnoticias5-300x17.jpg 300w, http:\/\/www.portalmantena.com.br\/novo\/wp-content\/uploads\/2018\/05\/faixaportalnoticias5-696x40.jpg 696w\" sizes=\"(max-width: 700px) 100vw, 700px\" \/><\/a><\/p>\n<p><span style=\"font-size: 10pt;\">ESPA\u00c7O EMPRESARIAL<\/span><img loading=\"lazy\" class=\"alignnone size-full wp-image-30339\" src=\"http:\/\/www.portalmantena.com.br\/novo\/wp-content\/uploads\/2018\/05\/casadastintas.jpg\" alt=\"\" width=\"700\" height=\"150\" srcset=\"http:\/\/www.portalmantena.com.br\/novo\/wp-content\/uploads\/2018\/05\/casadastintas.jpg 700w, http:\/\/www.portalmantena.com.br\/novo\/wp-content\/uploads\/2018\/05\/casadastintas-300x64.jpg 300w, http:\/\/www.portalmantena.com.br\/novo\/wp-content\/uploads\/2018\/05\/casadastintas-696x150.jpg 696w\" sizes=\"(max-width: 700px) 100vw, 700px\" \/><\/p>\n","protected":false},"excerpt":{"rendered":"<p>Um jovem de 18 anos foi preso e um adolescente de 16 anos foi apreendido, na manh\u00e3 desta segunda-feira (15), na cidade capixaba de Pinheiros. A dupla \u00e9 acusada de ter assassinado um homem e ocultado o cad\u00e1ver, no dia 04 de fevereiro desse m\u00eas, naquele munic\u00edpio. Segundo o comandante do 2\u00ba Batalh\u00e3o, tenente-coronel Mario [&hellip;]<\/p>\n","protected":false},"author":1,"featured_media":44105,"comment_status":"open","ping_status":"open","sticky":false,"template":"","format":"standard","meta":[],"categories":[11,34],"tags":[],"_links":{"self":[{"href":"http:\/\/www.portalmantena.com.br\/novo\/index.php?rest_route=\/wp\/v2\/posts\/44104"}],"collection":[{"href":"http:\/\/www.portalmantena.com.br\/novo\/index.php?rest_route=\/wp\/v2\/posts"}],"about":[{"href":"http:\/\/www.portalmantena.com.br\/novo\/index.php?rest_route=\/wp\/v2\/types\/post"}],"author":[{"embeddable":true,"href":"http:\/\/www.portalmantena.com.br\/novo\/index.php?rest_route=\/wp\/v2\/users\/1"}],"replies":[{"embeddable":true,"href":"http:\/\/www.portalmantena.com.br\/novo\/index.php?rest_route=%2Fwp%2Fv2%2Fcomments&post=44104"}],"version-history":[{"count":1,"href":"http:\/\/www.portalmantena.com.br\/novo\/index.php?rest_route=\/wp\/v2\/posts\/44104\/revisions"}],"predecessor-version":[{"id":44106,"href":"http:\/\/www.portalmantena.com.br\/novo\/index.php?rest_route=\/wp\/v2\/posts\/44104\/revisions\/44106"}],"wp:featuredmedia":[{"embeddable":true,"href":"http:\/\/www.portalmantena.com.br\/novo\/index.php?rest_route=\/wp\/v2\/media\/44105"}],"wp:attachment":[{"href":"http:\/\/www.portalmantena.com.br\/novo\/index.php?rest_route=%2Fwp%2Fv2%2Fmedia&parent=44104"}],"wp:term":[{"taxonomy":"category","embeddable":true,"href":"http:\/\/www.portalmantena.com.br\/novo\/index.php?rest_route=%2Fwp%2Fv2%2Fcategories&post=44104"},{"taxonomy":"post_tag","embeddable":true,"href":"http:\/\/www.portalmantena.com.br\/novo\/index.php?rest_route=%2Fwp%2Fv2%2Ftags&post=44104"}],"curies":[{"name":"wp","href":"https:\/\/api.w.org\/{rel}","templated":true}]}}