{"id":44101,"date":"2019-02-26T23:33:44","date_gmt":"2019-02-27T02:33:44","guid":{"rendered":"http:\/\/www.portalmantena.com.br\/novo\/?p=44101"},"modified":"2019-02-26T15:38:06","modified_gmt":"2019-02-26T18:38:06","slug":"central-de-minas-faz-56-anos-nesta-sexta-feira","status":"publish","type":"post","link":"http:\/\/www.portalmantena.com.br\/novo\/?p=44101","title":{"rendered":"Central de Minas faz 56 ANOS nesta sexta-feira"},"content":{"rendered":"<p><a href=\"http:\/\/www.portalmantena.com.br\/novo\/wp-content\/uploads\/2019\/02\/no260219central.jpg\"><img loading=\"lazy\" class=\"alignnone size-full wp-image-44102\" src=\"http:\/\/www.portalmantena.com.br\/novo\/wp-content\/uploads\/2019\/02\/no260219central.jpg\" alt=\"\" width=\"700\" height=\"450\" srcset=\"http:\/\/www.portalmantena.com.br\/novo\/wp-content\/uploads\/2019\/02\/no260219central.jpg 700w, http:\/\/www.portalmantena.com.br\/novo\/wp-content\/uploads\/2019\/02\/no260219central-300x193.jpg 300w, http:\/\/www.portalmantena.com.br\/novo\/wp-content\/uploads\/2019\/02\/no260219central-696x447.jpg 696w, http:\/\/www.portalmantena.com.br\/novo\/wp-content\/uploads\/2019\/02\/no260219central-653x420.jpg 653w\" sizes=\"(max-width: 700px) 100vw, 700px\" \/><\/a><\/p>\n<p><span style=\"font-size: 14pt;\">Nesta sexta-feira dia 1\u00ba de mar\u00e7o acontecer\u00e3o as comemora\u00e7\u00f5es do 56\u00ba Anivers\u00e1rio da cidade de Central de Minas. <\/span><\/p>\n<p><span style=\"font-size: 14pt;\">A festa ser\u00e1 na \u00c1rea de Eventos da cidade, e as atra\u00e7\u00f5es ser\u00e3o Vinycius Marim, Os Vozeir\u00f5es do Forr\u00f3 e muito mais. Haver\u00e1 eventos esportivos iniciando \u00e0s 7 horas da manh\u00e3 uma corrida r\u00fastica envolvendo o percurso entre o distrito de Floresta e Central de Minas, e \u00e0s 14 horas Nata\u00e7\u00e3o no Clube Piscina. <\/span><\/p>\n<p><span style=\"font-size: 14pt;\">\u00c0s 8 horas um bolo ser\u00e1 partido na Pra\u00e7a da Matriz, \u00e0s 16 horas Pega de Porco na \u00e1rea de festas, \u00e0s 18 horas Boi no Rolete e o in\u00edcio dos shows musicais no local do evento. Uma realiza\u00e7\u00e3o da Prefeitura Municipal com o apoio da C\u00e2mara de Vereadores.<\/span><\/p>\n<p><a href=\"http:\/\/www.portalmantena.com.br\/novo\/\"><img loading=\"lazy\" class=\"alignnone size-full wp-image-37331\" src=\"http:\/\/www.portalmantena.com.br\/novo\/wp-content\/uploads\/2018\/05\/faixaportalnoticias5.jpg\" alt=\"\" width=\"700\" height=\"40\" srcset=\"http:\/\/www.portalmantena.com.br\/novo\/wp-content\/uploads\/2018\/05\/faixaportalnoticias5.jpg 700w, http:\/\/www.portalmantena.com.br\/novo\/wp-content\/uploads\/2018\/05\/faixaportalnoticias5-300x17.jpg 300w, http:\/\/www.portalmantena.com.br\/novo\/wp-content\/uploads\/2018\/05\/faixaportalnoticias5-696x40.jpg 696w\" sizes=\"(max-width: 700px) 100vw, 700px\" \/><\/a><\/p>\n<p><span style=\"font-size: 10pt;\">ESPA\u00c7O EMPRESARIAL<\/span><a href=\"https:\/\/www.facebook.com\/profile.php?id=100004934627949&amp;fref=ts\"><img loading=\"lazy\" class=\"alignnone size-full wp-image-36918\" src=\"http:\/\/www.portalmantena.com.br\/novo\/wp-content\/uploads\/2018\/05\/printcolor120918banner.jpg\" alt=\"\" width=\"700\" height=\"150\" srcset=\"http:\/\/www.portalmantena.com.br\/novo\/wp-content\/uploads\/2018\/05\/printcolor120918banner.jpg 700w, http:\/\/www.portalmantena.com.br\/novo\/wp-content\/uploads\/2018\/05\/printcolor120918banner-300x64.jpg 300w, http:\/\/www.portalmantena.com.br\/novo\/wp-content\/uploads\/2018\/05\/printcolor120918banner-696x150.jpg 696w\" sizes=\"(max-width: 700px) 100vw, 700px\" \/><\/a><\/p>\n","protected":false},"excerpt":{"rendered":"<p>Nesta sexta-feira dia 1\u00ba de mar\u00e7o acontecer\u00e3o as comemora\u00e7\u00f5es do 56\u00ba Anivers\u00e1rio da cidade de Central de Minas. A festa ser\u00e1 na \u00c1rea de Eventos da cidade, e as atra\u00e7\u00f5es ser\u00e3o Vinycius Marim, Os Vozeir\u00f5es do Forr\u00f3 e muito mais. Haver\u00e1 eventos esportivos iniciando \u00e0s 7 horas da manh\u00e3 uma corrida r\u00fastica envolvendo o percurso [&hellip;]<\/p>\n","protected":false},"author":1,"featured_media":44102,"comment_status":"open","ping_status":"open","sticky":false,"template":"","format":"standard","meta":[],"categories":[12,39],"tags":[],"_links":{"self":[{"href":"http:\/\/www.portalmantena.com.br\/novo\/index.php?rest_route=\/wp\/v2\/posts\/44101"}],"collection":[{"href":"http:\/\/www.portalmantena.com.br\/novo\/index.php?rest_route=\/wp\/v2\/posts"}],"about":[{"href":"http:\/\/www.portalmantena.com.br\/novo\/index.php?rest_route=\/wp\/v2\/types\/post"}],"author":[{"embeddable":true,"href":"http:\/\/www.portalmantena.com.br\/novo\/index.php?rest_route=\/wp\/v2\/users\/1"}],"replies":[{"embeddable":true,"href":"http:\/\/www.portalmantena.com.br\/novo\/index.php?rest_route=%2Fwp%2Fv2%2Fcomments&post=44101"}],"version-history":[{"count":1,"href":"http:\/\/www.portalmantena.com.br\/novo\/index.php?rest_route=\/wp\/v2\/posts\/44101\/revisions"}],"predecessor-version":[{"id":44103,"href":"http:\/\/www.portalmantena.com.br\/novo\/index.php?rest_route=\/wp\/v2\/posts\/44101\/revisions\/44103"}],"wp:featuredmedia":[{"embeddable":true,"href":"http:\/\/www.portalmantena.com.br\/novo\/index.php?rest_route=\/wp\/v2\/media\/44102"}],"wp:attachment":[{"href":"http:\/\/www.portalmantena.com.br\/novo\/index.php?rest_route=%2Fwp%2Fv2%2Fmedia&parent=44101"}],"wp:term":[{"taxonomy":"category","embeddable":true,"href":"http:\/\/www.portalmantena.com.br\/novo\/index.php?rest_route=%2Fwp%2Fv2%2Fcategories&post=44101"},{"taxonomy":"post_tag","embeddable":true,"href":"http:\/\/www.portalmantena.com.br\/novo\/index.php?rest_route=%2Fwp%2Fv2%2Ftags&post=44101"}],"curies":[{"name":"wp","href":"https:\/\/api.w.org\/{rel}","templated":true}]}}