{"id":44011,"date":"2019-02-25T10:27:12","date_gmt":"2019-02-25T13:27:12","guid":{"rendered":"http:\/\/www.portalmantena.com.br\/novo\/?p=44011"},"modified":"2019-02-25T10:27:12","modified_gmt":"2019-02-25T13:27:12","slug":"guarda-mirim-de-mantena-retornando-as-atividades","status":"publish","type":"post","link":"http:\/\/www.portalmantena.com.br\/novo\/?p=44011","title":{"rendered":"Guarda Mirim de Mantena retornando \u00e0s atividades"},"content":{"rendered":"<p><a href=\"http:\/\/www.portalmantena.com.br\/novo\/wp-content\/uploads\/2019\/02\/no250219guarda5.jpg\"><img loading=\"lazy\" class=\"alignnone size-full wp-image-44016\" src=\"http:\/\/www.portalmantena.com.br\/novo\/wp-content\/uploads\/2019\/02\/no250219guarda5.jpg\" alt=\"\" width=\"700\" height=\"450\" srcset=\"http:\/\/www.portalmantena.com.br\/novo\/wp-content\/uploads\/2019\/02\/no250219guarda5.jpg 700w, http:\/\/www.portalmantena.com.br\/novo\/wp-content\/uploads\/2019\/02\/no250219guarda5-300x193.jpg 300w, http:\/\/www.portalmantena.com.br\/novo\/wp-content\/uploads\/2019\/02\/no250219guarda5-696x447.jpg 696w, http:\/\/www.portalmantena.com.br\/novo\/wp-content\/uploads\/2019\/02\/no250219guarda5-653x420.jpg 653w\" sizes=\"(max-width: 700px) 100vw, 700px\" \/><\/a><\/p>\n<p><span style=\"font-size: 14pt;\">No \u00faltimo s\u00e1bado dia 23 de fevereiro, a Guarda Mirim de Mantena realizou mais uma de suas atividades pela PAZ e PELA VIDA de crian\u00e7as e adolescentes. <\/span><\/p>\n<p><span style=\"font-size: 14pt;\">Ap\u00f3s o treinamento de ordem unida com marchas e evolu\u00e7\u00f5es, o Subtenente Wender e o Sargento Amarildo falaram aos integrantes sobre a import\u00e2ncia de fazerem as melhores escolhas na vida. <\/span><\/p>\n<p><span style=\"font-size: 14pt;\">Em seguida aconteceu uma confraterniza\u00e7\u00e3o com lanche e sorvetes para todos. Policiais volunt\u00e1rios e maestro Jenilton da Banda, tamb\u00e9m retornaram com as atividades da Guarda mirim. (fonte\/foto:PM).<\/span><\/p>\n<p><a href=\"http:\/\/www.portalmantena.com.br\/novo\/wp-content\/uploads\/2019\/02\/no250219guarda2.jpg\"><img loading=\"lazy\" class=\"alignnone size-full wp-image-44013\" src=\"http:\/\/www.portalmantena.com.br\/novo\/wp-content\/uploads\/2019\/02\/no250219guarda2.jpg\" alt=\"\" width=\"700\" height=\"450\" srcset=\"http:\/\/www.portalmantena.com.br\/novo\/wp-content\/uploads\/2019\/02\/no250219guarda2.jpg 700w, http:\/\/www.portalmantena.com.br\/novo\/wp-content\/uploads\/2019\/02\/no250219guarda2-300x193.jpg 300w, http:\/\/www.portalmantena.com.br\/novo\/wp-content\/uploads\/2019\/02\/no250219guarda2-696x447.jpg 696w, http:\/\/www.portalmantena.com.br\/novo\/wp-content\/uploads\/2019\/02\/no250219guarda2-653x420.jpg 653w\" sizes=\"(max-width: 700px) 100vw, 700px\" \/><\/a> <a href=\"http:\/\/www.portalmantena.com.br\/novo\/wp-content\/uploads\/2019\/02\/no250219guarda3.jpg\"><img loading=\"lazy\" class=\"alignnone size-full wp-image-44014\" src=\"http:\/\/www.portalmantena.com.br\/novo\/wp-content\/uploads\/2019\/02\/no250219guarda3.jpg\" alt=\"\" width=\"700\" height=\"450\" srcset=\"http:\/\/www.portalmantena.com.br\/novo\/wp-content\/uploads\/2019\/02\/no250219guarda3.jpg 700w, http:\/\/www.portalmantena.com.br\/novo\/wp-content\/uploads\/2019\/02\/no250219guarda3-300x193.jpg 300w, http:\/\/www.portalmantena.com.br\/novo\/wp-content\/uploads\/2019\/02\/no250219guarda3-696x447.jpg 696w, http:\/\/www.portalmantena.com.br\/novo\/wp-content\/uploads\/2019\/02\/no250219guarda3-653x420.jpg 653w\" sizes=\"(max-width: 700px) 100vw, 700px\" \/><\/a><a href=\"http:\/\/www.portalmantena.com.br\/novo\/wp-content\/uploads\/2019\/02\/no250219guarda1.jpg\"><img loading=\"lazy\" class=\"alignnone size-full wp-image-44012\" src=\"http:\/\/www.portalmantena.com.br\/novo\/wp-content\/uploads\/2019\/02\/no250219guarda1.jpg\" alt=\"\" width=\"700\" height=\"450\" srcset=\"http:\/\/www.portalmantena.com.br\/novo\/wp-content\/uploads\/2019\/02\/no250219guarda1.jpg 700w, http:\/\/www.portalmantena.com.br\/novo\/wp-content\/uploads\/2019\/02\/no250219guarda1-300x193.jpg 300w, http:\/\/www.portalmantena.com.br\/novo\/wp-content\/uploads\/2019\/02\/no250219guarda1-696x447.jpg 696w, http:\/\/www.portalmantena.com.br\/novo\/wp-content\/uploads\/2019\/02\/no250219guarda1-653x420.jpg 653w\" sizes=\"(max-width: 700px) 100vw, 700px\" \/><\/a> <a href=\"http:\/\/www.portalmantena.com.br\/novo\/wp-content\/uploads\/2019\/02\/no250219guarda4.jpg\"><img loading=\"lazy\" class=\"alignnone size-full wp-image-44015\" src=\"http:\/\/www.portalmantena.com.br\/novo\/wp-content\/uploads\/2019\/02\/no250219guarda4.jpg\" alt=\"\" width=\"700\" height=\"450\" srcset=\"http:\/\/www.portalmantena.com.br\/novo\/wp-content\/uploads\/2019\/02\/no250219guarda4.jpg 700w, http:\/\/www.portalmantena.com.br\/novo\/wp-content\/uploads\/2019\/02\/no250219guarda4-300x193.jpg 300w, http:\/\/www.portalmantena.com.br\/novo\/wp-content\/uploads\/2019\/02\/no250219guarda4-696x447.jpg 696w, http:\/\/www.portalmantena.com.br\/novo\/wp-content\/uploads\/2019\/02\/no250219guarda4-653x420.jpg 653w\" sizes=\"(max-width: 700px) 100vw, 700px\" \/><\/a><a href=\"http:\/\/www.portalmantena.com.br\/novo\/\"><img loading=\"lazy\" class=\"alignnone size-full wp-image-37331\" src=\"http:\/\/www.portalmantena.com.br\/novo\/wp-content\/uploads\/2018\/05\/faixaportalnoticias5.jpg\" alt=\"\" width=\"700\" height=\"40\" srcset=\"http:\/\/www.portalmantena.com.br\/novo\/wp-content\/uploads\/2018\/05\/faixaportalnoticias5.jpg 700w, http:\/\/www.portalmantena.com.br\/novo\/wp-content\/uploads\/2018\/05\/faixaportalnoticias5-300x17.jpg 300w, http:\/\/www.portalmantena.com.br\/novo\/wp-content\/uploads\/2018\/05\/faixaportalnoticias5-696x40.jpg 696w\" sizes=\"(max-width: 700px) 100vw, 700px\" \/><\/a><\/p>\n<p><span style=\"font-size: 10pt;\">ESPA\u00c7O EMPRESARIAL<\/span><a href=\"https:\/\/www.facebook.com\/rf.oliveira.9?fb_dtsg_ag=AdwKEbD701SAGRAnk6E78RY0JikyBfz-gpQi9gILKYSxUg%3AAdzADEPHbaQFKiGvtHRVrGyd9Mg2UIuhHrTGTsZaOQaGyQ\"><img loading=\"lazy\" class=\"alignnone size-full wp-image-43303\" src=\"http:\/\/www.portalmantena.com.br\/novo\/wp-content\/uploads\/2018\/05\/avenida060219.jpg\" alt=\"\" width=\"700\" height=\"150\" srcset=\"http:\/\/www.portalmantena.com.br\/novo\/wp-content\/uploads\/2018\/05\/avenida060219.jpg 700w, http:\/\/www.portalmantena.com.br\/novo\/wp-content\/uploads\/2018\/05\/avenida060219-300x64.jpg 300w, http:\/\/www.portalmantena.com.br\/novo\/wp-content\/uploads\/2018\/05\/avenida060219-696x150.jpg 696w\" sizes=\"(max-width: 700px) 100vw, 700px\" \/><\/a><\/p>\n","protected":false},"excerpt":{"rendered":"<p>No \u00faltimo s\u00e1bado dia 23 de fevereiro, a Guarda Mirim de Mantena realizou mais uma de suas atividades pela PAZ e PELA VIDA de crian\u00e7as e adolescentes. Ap\u00f3s o treinamento de ordem unida com marchas e evolu\u00e7\u00f5es, o Subtenente Wender e o Sargento Amarildo falaram aos integrantes sobre a import\u00e2ncia de fazerem as melhores escolhas [&hellip;]<\/p>\n","protected":false},"author":1,"featured_media":44016,"comment_status":"open","ping_status":"open","sticky":false,"template":"","format":"standard","meta":[],"categories":[36,12],"tags":[],"_links":{"self":[{"href":"http:\/\/www.portalmantena.com.br\/novo\/index.php?rest_route=\/wp\/v2\/posts\/44011"}],"collection":[{"href":"http:\/\/www.portalmantena.com.br\/novo\/index.php?rest_route=\/wp\/v2\/posts"}],"about":[{"href":"http:\/\/www.portalmantena.com.br\/novo\/index.php?rest_route=\/wp\/v2\/types\/post"}],"author":[{"embeddable":true,"href":"http:\/\/www.portalmantena.com.br\/novo\/index.php?rest_route=\/wp\/v2\/users\/1"}],"replies":[{"embeddable":true,"href":"http:\/\/www.portalmantena.com.br\/novo\/index.php?rest_route=%2Fwp%2Fv2%2Fcomments&post=44011"}],"version-history":[{"count":1,"href":"http:\/\/www.portalmantena.com.br\/novo\/index.php?rest_route=\/wp\/v2\/posts\/44011\/revisions"}],"predecessor-version":[{"id":44017,"href":"http:\/\/www.portalmantena.com.br\/novo\/index.php?rest_route=\/wp\/v2\/posts\/44011\/revisions\/44017"}],"wp:featuredmedia":[{"embeddable":true,"href":"http:\/\/www.portalmantena.com.br\/novo\/index.php?rest_route=\/wp\/v2\/media\/44016"}],"wp:attachment":[{"href":"http:\/\/www.portalmantena.com.br\/novo\/index.php?rest_route=%2Fwp%2Fv2%2Fmedia&parent=44011"}],"wp:term":[{"taxonomy":"category","embeddable":true,"href":"http:\/\/www.portalmantena.com.br\/novo\/index.php?rest_route=%2Fwp%2Fv2%2Fcategories&post=44011"},{"taxonomy":"post_tag","embeddable":true,"href":"http:\/\/www.portalmantena.com.br\/novo\/index.php?rest_route=%2Fwp%2Fv2%2Ftags&post=44011"}],"curies":[{"name":"wp","href":"https:\/\/api.w.org\/{rel}","templated":true}]}}