{"id":44008,"date":"2019-02-26T10:18:30","date_gmt":"2019-02-26T13:18:30","guid":{"rendered":"http:\/\/www.portalmantena.com.br\/novo\/?p=44008"},"modified":"2019-02-27T08:16:59","modified_gmt":"2019-02-27T11:16:59","slug":"vai-comecar-a-copa-cevin-de-jogos-internos","status":"publish","type":"post","link":"http:\/\/www.portalmantena.com.br\/novo\/?p=44008","title":{"rendered":"Vai come\u00e7ar a COPA CEVIN de Jogos Internos"},"content":{"rendered":"<p><a href=\"http:\/\/www.portalmantena.com.br\/novo\/wp-content\/uploads\/2019\/02\/no250219cevin.jpg\"><img loading=\"lazy\" class=\"alignnone size-full wp-image-44009\" src=\"http:\/\/www.portalmantena.com.br\/novo\/wp-content\/uploads\/2019\/02\/no250219cevin.jpg\" alt=\"\" width=\"700\" height=\"450\" srcset=\"http:\/\/www.portalmantena.com.br\/novo\/wp-content\/uploads\/2019\/02\/no250219cevin.jpg 700w, http:\/\/www.portalmantena.com.br\/novo\/wp-content\/uploads\/2019\/02\/no250219cevin-300x193.jpg 300w, http:\/\/www.portalmantena.com.br\/novo\/wp-content\/uploads\/2019\/02\/no250219cevin-696x447.jpg 696w, http:\/\/www.portalmantena.com.br\/novo\/wp-content\/uploads\/2019\/02\/no250219cevin-653x420.jpg 653w\" sizes=\"(max-width: 700px) 100vw, 700px\" \/><\/a><\/p>\n<p><span style=\"font-size: 14pt;\">Est\u00e1 chegando mais um evento esportivo em Mantena, na pr\u00f3xima sexta-feira dia 1\u00ba de Mar\u00e7o, acontecer\u00e1 no Gin\u00e1sio Poliesportivo Raimundo Maria, no bairro Vila Nova, a COPA CEVIN de JOGOS INTERNOS.\u00a0 <\/span><\/p>\n<p><span style=\"font-size: 14pt;\">A partir das 19h00&#8242; com jogos \u00e0s quartas e sextas-feiras envolvendo atletas de 15 a 20 anos que participa ou j\u00e1 participaram do Projeto Cl\u00ednica de Craques da CEVIN. <\/span><\/p>\n<p><span style=\"font-size: 14pt;\">Ser\u00e3o dois jogos por noite, \u00e0s 19 e 20 horas, participe, prestigie, \u00e9 a nova gera\u00e7\u00e3o do futsal mantenense tendo oportunidades.\u00a0<\/span><\/p>\n<p><span style=\"font-size: 14pt;\">Nesta sexta-feira (1\u00ba) jogam \u00e0s 19 horas Cevin x Everest, e \u00e0s 20 horas Cruzeirinho x Gr\u00eamio.\u00a0<\/span><\/p>\n<p><a href=\"http:\/\/www.portalmantena.com.br\/novo\/\"><img loading=\"lazy\" class=\"alignnone size-full wp-image-37331\" src=\"http:\/\/www.portalmantena.com.br\/novo\/wp-content\/uploads\/2018\/05\/faixaportalnoticias5.jpg\" alt=\"\" width=\"700\" height=\"40\" srcset=\"http:\/\/www.portalmantena.com.br\/novo\/wp-content\/uploads\/2018\/05\/faixaportalnoticias5.jpg 700w, http:\/\/www.portalmantena.com.br\/novo\/wp-content\/uploads\/2018\/05\/faixaportalnoticias5-300x17.jpg 300w, http:\/\/www.portalmantena.com.br\/novo\/wp-content\/uploads\/2018\/05\/faixaportalnoticias5-696x40.jpg 696w\" sizes=\"(max-width: 700px) 100vw, 700px\" \/><\/a><\/p>\n<p><span style=\"font-size: 10pt;\">ESPA\u00c7O EMPRESARIAL<\/span><a href=\"https:\/\/www.facebook.com\/Tekol-Basic-1148561818529027\/\"><img loading=\"lazy\" class=\"alignnone size-full wp-image-42818\" src=\"http:\/\/www.portalmantena.com.br\/novo\/wp-content\/uploads\/2018\/05\/tekol210119.jpg\" alt=\"\" width=\"700\" height=\"150\" srcset=\"http:\/\/www.portalmantena.com.br\/novo\/wp-content\/uploads\/2018\/05\/tekol210119.jpg 700w, http:\/\/www.portalmantena.com.br\/novo\/wp-content\/uploads\/2018\/05\/tekol210119-300x64.jpg 300w, http:\/\/www.portalmantena.com.br\/novo\/wp-content\/uploads\/2018\/05\/tekol210119-696x150.jpg 696w\" sizes=\"(max-width: 700px) 100vw, 700px\" \/><\/a><\/p>\n","protected":false},"excerpt":{"rendered":"<p>Est\u00e1 chegando mais um evento esportivo em Mantena, na pr\u00f3xima sexta-feira dia 1\u00ba de Mar\u00e7o, acontecer\u00e1 no Gin\u00e1sio Poliesportivo Raimundo Maria, no bairro Vila Nova, a COPA CEVIN de JOGOS INTERNOS.\u00a0 A partir das 19h00&#8242; com jogos \u00e0s quartas e sextas-feiras envolvendo atletas de 15 a 20 anos que participa ou j\u00e1 participaram do Projeto [&hellip;]<\/p>\n","protected":false},"author":1,"featured_media":44009,"comment_status":"open","ping_status":"open","sticky":false,"template":"","format":"standard","meta":[],"categories":[12,22],"tags":[],"_links":{"self":[{"href":"http:\/\/www.portalmantena.com.br\/novo\/index.php?rest_route=\/wp\/v2\/posts\/44008"}],"collection":[{"href":"http:\/\/www.portalmantena.com.br\/novo\/index.php?rest_route=\/wp\/v2\/posts"}],"about":[{"href":"http:\/\/www.portalmantena.com.br\/novo\/index.php?rest_route=\/wp\/v2\/types\/post"}],"author":[{"embeddable":true,"href":"http:\/\/www.portalmantena.com.br\/novo\/index.php?rest_route=\/wp\/v2\/users\/1"}],"replies":[{"embeddable":true,"href":"http:\/\/www.portalmantena.com.br\/novo\/index.php?rest_route=%2Fwp%2Fv2%2Fcomments&post=44008"}],"version-history":[{"count":2,"href":"http:\/\/www.portalmantena.com.br\/novo\/index.php?rest_route=\/wp\/v2\/posts\/44008\/revisions"}],"predecessor-version":[{"id":44086,"href":"http:\/\/www.portalmantena.com.br\/novo\/index.php?rest_route=\/wp\/v2\/posts\/44008\/revisions\/44086"}],"wp:featuredmedia":[{"embeddable":true,"href":"http:\/\/www.portalmantena.com.br\/novo\/index.php?rest_route=\/wp\/v2\/media\/44009"}],"wp:attachment":[{"href":"http:\/\/www.portalmantena.com.br\/novo\/index.php?rest_route=%2Fwp%2Fv2%2Fmedia&parent=44008"}],"wp:term":[{"taxonomy":"category","embeddable":true,"href":"http:\/\/www.portalmantena.com.br\/novo\/index.php?rest_route=%2Fwp%2Fv2%2Fcategories&post=44008"},{"taxonomy":"post_tag","embeddable":true,"href":"http:\/\/www.portalmantena.com.br\/novo\/index.php?rest_route=%2Fwp%2Fv2%2Ftags&post=44008"}],"curies":[{"name":"wp","href":"https:\/\/api.w.org\/{rel}","templated":true}]}}