{"id":43993,"date":"2019-02-25T09:10:09","date_gmt":"2019-02-25T12:10:09","guid":{"rendered":"http:\/\/www.portalmantena.com.br\/novo\/?p=43993"},"modified":"2019-02-25T09:10:09","modified_gmt":"2019-02-25T12:10:09","slug":"destaques-operacionais-no-batalhao-pm-em-sao-francisco","status":"publish","type":"post","link":"http:\/\/www.portalmantena.com.br\/novo\/?p=43993","title":{"rendered":"Destaques operacionais no Batalh\u00e3o PM em S\u00e3o Francisco"},"content":{"rendered":"<p><a href=\"http:\/\/www.portalmantena.com.br\/novo\/wp-content\/uploads\/2019\/02\/no250219pm.jpg\"><img loading=\"lazy\" class=\"alignnone size-full wp-image-43994\" src=\"http:\/\/www.portalmantena.com.br\/novo\/wp-content\/uploads\/2019\/02\/no250219pm.jpg\" alt=\"\" width=\"700\" height=\"450\" srcset=\"http:\/\/www.portalmantena.com.br\/novo\/wp-content\/uploads\/2019\/02\/no250219pm.jpg 700w, http:\/\/www.portalmantena.com.br\/novo\/wp-content\/uploads\/2019\/02\/no250219pm-300x193.jpg 300w, http:\/\/www.portalmantena.com.br\/novo\/wp-content\/uploads\/2019\/02\/no250219pm-696x447.jpg 696w, http:\/\/www.portalmantena.com.br\/novo\/wp-content\/uploads\/2019\/02\/no250219pm-653x420.jpg 653w\" sizes=\"(max-width: 700px) 100vw, 700px\" \/><\/a><\/p>\n<p><span style=\"font-size: 14pt;\">Foi realizada na manh\u00e3 da \u00faltima sexta-feira (22), na sede do 11\u00ba Batalh\u00e3o, em Barra de S\u00e3o Francisco, uma solenidade em homenagem aos Destaques Operacional e Administrativo do 4\u00ba trimestre de 2018. <\/span><\/p>\n<p><span style=\"font-size: 14pt;\">Participaram do evento o comandante do 11\u00ba BPM, tenente-coronel Luciano Silva Suave, o subcomandante da Unidade, major Jefson Coelho Correia, o chefe da P4, major Manoel Gambarti Junior e demais oficiais e pra\u00e7as do Batalh\u00e3o. <\/span><\/p>\n<p><span style=\"font-size: 14pt;\">A homenagem teve como objetivo enaltecer os valores dos policiais militares que se destacaram no exerc\u00edcio de suas fun\u00e7\u00f5es e exaltar o compromisso com a profiss\u00e3o a servi\u00e7o da sociedade e em prol da boa governan\u00e7a institucional. <\/span><\/p>\n<p><span style=\"font-size: 14pt;\">Al\u00e9m da entrega dos diplomas aos militares que foram destaque operacional, o tenente-coronel Luciano, que passar\u00e1 o comando da Unidade na pr\u00f3xima quarta-feira (27), agraciou ainda diversos militares com um certificado em agradecimento pela lealdade e pelos excelentes servi\u00e7os prestados enquanto esteve \u00e0 frente do Batalh\u00e3o. <\/span><\/p>\n<p><span style=\"font-size: 14pt;\">Em seu discurso, o comandante enfatizou que foi muito feliz e fez grandes amigos durante os dois anos em que comandou a Unidade. Ao final, agradeceu a dedica\u00e7\u00e3o e o empenho da tropa que tem trabalhado para levar seguran\u00e7a e tranquilidade para a regi\u00e3o.\u00a0(fonte\/foto:PM).<\/span><\/p>\n<p><a href=\"http:\/\/www.portalmantena.com.br\/novo\/\"><img loading=\"lazy\" class=\"alignnone size-full wp-image-37331\" src=\"http:\/\/www.portalmantena.com.br\/novo\/wp-content\/uploads\/2018\/05\/faixaportalnoticias5.jpg\" alt=\"\" width=\"700\" height=\"40\" srcset=\"http:\/\/www.portalmantena.com.br\/novo\/wp-content\/uploads\/2018\/05\/faixaportalnoticias5.jpg 700w, http:\/\/www.portalmantena.com.br\/novo\/wp-content\/uploads\/2018\/05\/faixaportalnoticias5-300x17.jpg 300w, http:\/\/www.portalmantena.com.br\/novo\/wp-content\/uploads\/2018\/05\/faixaportalnoticias5-696x40.jpg 696w\" sizes=\"(max-width: 700px) 100vw, 700px\" \/><\/a><\/p>\n<p><span style=\"font-size: 10pt;\">ESPA\u00c7O EMPRESARIAL<\/span><img loading=\"lazy\" class=\"alignnone size-full wp-image-30339\" src=\"http:\/\/www.portalmantena.com.br\/novo\/wp-content\/uploads\/2018\/05\/casadastintas.jpg\" alt=\"\" width=\"700\" height=\"150\" srcset=\"http:\/\/www.portalmantena.com.br\/novo\/wp-content\/uploads\/2018\/05\/casadastintas.jpg 700w, http:\/\/www.portalmantena.com.br\/novo\/wp-content\/uploads\/2018\/05\/casadastintas-300x64.jpg 300w, http:\/\/www.portalmantena.com.br\/novo\/wp-content\/uploads\/2018\/05\/casadastintas-696x150.jpg 696w\" sizes=\"(max-width: 700px) 100vw, 700px\" \/><\/p>\n","protected":false},"excerpt":{"rendered":"<p>Foi realizada na manh\u00e3 da \u00faltima sexta-feira (22), na sede do 11\u00ba Batalh\u00e3o, em Barra de S\u00e3o Francisco, uma solenidade em homenagem aos Destaques Operacional e Administrativo do 4\u00ba trimestre de 2018. Participaram do evento o comandante do 11\u00ba BPM, tenente-coronel Luciano Silva Suave, o subcomandante da Unidade, major Jefson Coelho Correia, o chefe da [&hellip;]<\/p>\n","protected":false},"author":1,"featured_media":43994,"comment_status":"open","ping_status":"open","sticky":false,"template":"","format":"standard","meta":[],"categories":[11,39],"tags":[],"_links":{"self":[{"href":"http:\/\/www.portalmantena.com.br\/novo\/index.php?rest_route=\/wp\/v2\/posts\/43993"}],"collection":[{"href":"http:\/\/www.portalmantena.com.br\/novo\/index.php?rest_route=\/wp\/v2\/posts"}],"about":[{"href":"http:\/\/www.portalmantena.com.br\/novo\/index.php?rest_route=\/wp\/v2\/types\/post"}],"author":[{"embeddable":true,"href":"http:\/\/www.portalmantena.com.br\/novo\/index.php?rest_route=\/wp\/v2\/users\/1"}],"replies":[{"embeddable":true,"href":"http:\/\/www.portalmantena.com.br\/novo\/index.php?rest_route=%2Fwp%2Fv2%2Fcomments&post=43993"}],"version-history":[{"count":1,"href":"http:\/\/www.portalmantena.com.br\/novo\/index.php?rest_route=\/wp\/v2\/posts\/43993\/revisions"}],"predecessor-version":[{"id":43995,"href":"http:\/\/www.portalmantena.com.br\/novo\/index.php?rest_route=\/wp\/v2\/posts\/43993\/revisions\/43995"}],"wp:featuredmedia":[{"embeddable":true,"href":"http:\/\/www.portalmantena.com.br\/novo\/index.php?rest_route=\/wp\/v2\/media\/43994"}],"wp:attachment":[{"href":"http:\/\/www.portalmantena.com.br\/novo\/index.php?rest_route=%2Fwp%2Fv2%2Fmedia&parent=43993"}],"wp:term":[{"taxonomy":"category","embeddable":true,"href":"http:\/\/www.portalmantena.com.br\/novo\/index.php?rest_route=%2Fwp%2Fv2%2Fcategories&post=43993"},{"taxonomy":"post_tag","embeddable":true,"href":"http:\/\/www.portalmantena.com.br\/novo\/index.php?rest_route=%2Fwp%2Fv2%2Ftags&post=43993"}],"curies":[{"name":"wp","href":"https:\/\/api.w.org\/{rel}","templated":true}]}}