{"id":43990,"date":"2019-02-25T08:55:58","date_gmt":"2019-02-25T11:55:58","guid":{"rendered":"http:\/\/www.portalmantena.com.br\/novo\/?p=43990"},"modified":"2019-03-08T13:49:04","modified_gmt":"2019-03-08T16:49:04","slug":"mantena-global-care-ha-15-anos-fazendo-a-diferenca","status":"publish","type":"post","link":"http:\/\/www.portalmantena.com.br\/novo\/?p=43990","title":{"rendered":"Mantena Global Care, h\u00e1 15 anos fazendo a diferen\u00e7a"},"content":{"rendered":"<p><a href=\"http:\/\/www.portalmantena.com.br\/novo\/wp-content\/uploads\/2019\/02\/vi250219global.jpg\"><img loading=\"lazy\" class=\"alignnone size-full wp-image-43991\" src=\"http:\/\/www.portalmantena.com.br\/novo\/wp-content\/uploads\/2019\/02\/vi250219global.jpg\" alt=\"\" width=\"700\" height=\"450\" srcset=\"http:\/\/www.portalmantena.com.br\/novo\/wp-content\/uploads\/2019\/02\/vi250219global.jpg 700w, http:\/\/www.portalmantena.com.br\/novo\/wp-content\/uploads\/2019\/02\/vi250219global-300x193.jpg 300w, http:\/\/www.portalmantena.com.br\/novo\/wp-content\/uploads\/2019\/02\/vi250219global-696x447.jpg 696w, http:\/\/www.portalmantena.com.br\/novo\/wp-content\/uploads\/2019\/02\/vi250219global-653x420.jpg 653w\" sizes=\"(max-width: 700px) 100vw, 700px\" \/><\/a><\/p>\n<p><span style=\"font-size: 14pt;\">A nossa amiga, a mantenense ausente Solange Paizante, comemorando junto com amigos, os 15 anos do projeto Mantena Global Care, ela que \u00e9 a coordenadora deste projeto que nasceu e continua dando bons frutos nos Estados Unidos. <\/span><\/p>\n<p><span style=\"font-size: 14pt;\">Como disse Solange, \u00e9 um momento realmente de muita gratid\u00e3o, \u201cMe faltam palavras para expressar a minha gratid\u00e3o, a minha realiza\u00e7\u00e3o de dever cumprido nesse dia, pudemos reunir in\u00fameros amigos, parceiros, profissionais e volunt\u00e1rios para celebrar nossos 15 anos de intenso trabalho e de plena alegria em ter a consci\u00eancia que estamos trilhando no caminho certo. Obrigada! Foi um dia de extrema emo\u00e7\u00e3o!!! Que venham outros 15, novos planos, novos sonhos!\u201d. <\/span><\/p>\n<p><span style=\"font-size: 14pt;\">Parab\u00e9ns Solange e toda sua equipe por esta data t\u00e3o marcante.<\/span><\/p>\n<p><a href=\"http:\/\/www.portalmantena.com.br\/novo\/\"><img loading=\"lazy\" class=\"alignnone size-full wp-image-37296\" src=\"http:\/\/www.portalmantena.com.br\/novo\/wp-content\/uploads\/2018\/05\/faixavitrine2.jpg\" alt=\"\" width=\"700\" height=\"40\" srcset=\"http:\/\/www.portalmantena.com.br\/novo\/wp-content\/uploads\/2018\/05\/faixavitrine2.jpg 700w, http:\/\/www.portalmantena.com.br\/novo\/wp-content\/uploads\/2018\/05\/faixavitrine2-300x17.jpg 300w, http:\/\/www.portalmantena.com.br\/novo\/wp-content\/uploads\/2018\/05\/faixavitrine2-696x40.jpg 696w\" sizes=\"(max-width: 700px) 100vw, 700px\" \/><\/a><\/p>\n<p><span style=\"font-size: 10pt;\">ESPA\u00c7O EMPRESARIAL<\/span><a href=\"https:\/\/www.facebook.com\/redevalente\/\"><img loading=\"lazy\" class=\"alignnone size-full wp-image-29188\" src=\"http:\/\/www.portalmantena.com.br\/novo\/wp-content\/uploads\/2018\/05\/valentefaixa.jpg\" alt=\"\" width=\"700\" height=\"150\" srcset=\"http:\/\/www.portalmantena.com.br\/novo\/wp-content\/uploads\/2018\/05\/valentefaixa.jpg 700w, http:\/\/www.portalmantena.com.br\/novo\/wp-content\/uploads\/2018\/05\/valentefaixa-300x64.jpg 300w, http:\/\/www.portalmantena.com.br\/novo\/wp-content\/uploads\/2018\/05\/valentefaixa-696x150.jpg 696w\" sizes=\"(max-width: 700px) 100vw, 700px\" \/><\/a><\/p>\n","protected":false},"excerpt":{"rendered":"<p>A nossa amiga, a mantenense ausente Solange Paizante, comemorando junto com amigos, os 15 anos do projeto Mantena Global Care, ela que \u00e9 a coordenadora deste projeto que nasceu e continua dando bons frutos nos Estados Unidos. Como disse Solange, \u00e9 um momento realmente de muita gratid\u00e3o, \u201cMe faltam palavras para expressar a minha gratid\u00e3o, [&hellip;]<\/p>\n","protected":false},"author":1,"featured_media":43991,"comment_status":"open","ping_status":"open","sticky":false,"template":"","format":"standard","meta":[],"categories":[53],"tags":[],"_links":{"self":[{"href":"http:\/\/www.portalmantena.com.br\/novo\/index.php?rest_route=\/wp\/v2\/posts\/43990"}],"collection":[{"href":"http:\/\/www.portalmantena.com.br\/novo\/index.php?rest_route=\/wp\/v2\/posts"}],"about":[{"href":"http:\/\/www.portalmantena.com.br\/novo\/index.php?rest_route=\/wp\/v2\/types\/post"}],"author":[{"embeddable":true,"href":"http:\/\/www.portalmantena.com.br\/novo\/index.php?rest_route=\/wp\/v2\/users\/1"}],"replies":[{"embeddable":true,"href":"http:\/\/www.portalmantena.com.br\/novo\/index.php?rest_route=%2Fwp%2Fv2%2Fcomments&post=43990"}],"version-history":[{"count":1,"href":"http:\/\/www.portalmantena.com.br\/novo\/index.php?rest_route=\/wp\/v2\/posts\/43990\/revisions"}],"predecessor-version":[{"id":43992,"href":"http:\/\/www.portalmantena.com.br\/novo\/index.php?rest_route=\/wp\/v2\/posts\/43990\/revisions\/43992"}],"wp:featuredmedia":[{"embeddable":true,"href":"http:\/\/www.portalmantena.com.br\/novo\/index.php?rest_route=\/wp\/v2\/media\/43991"}],"wp:attachment":[{"href":"http:\/\/www.portalmantena.com.br\/novo\/index.php?rest_route=%2Fwp%2Fv2%2Fmedia&parent=43990"}],"wp:term":[{"taxonomy":"category","embeddable":true,"href":"http:\/\/www.portalmantena.com.br\/novo\/index.php?rest_route=%2Fwp%2Fv2%2Fcategories&post=43990"},{"taxonomy":"post_tag","embeddable":true,"href":"http:\/\/www.portalmantena.com.br\/novo\/index.php?rest_route=%2Fwp%2Fv2%2Ftags&post=43990"}],"curies":[{"name":"wp","href":"https:\/\/api.w.org\/{rel}","templated":true}]}}