{"id":43982,"date":"2019-02-25T08:25:47","date_gmt":"2019-02-25T11:25:47","guid":{"rendered":"http:\/\/www.portalmantena.com.br\/novo\/?p=43982"},"modified":"2019-02-25T08:25:47","modified_gmt":"2019-02-25T11:25:47","slug":"comercio-ilegal-de-palmito-e-apreendido-na-feira-livre-em-guriri","status":"publish","type":"post","link":"http:\/\/www.portalmantena.com.br\/novo\/?p=43982","title":{"rendered":"Com\u00e9rcio ilegal de Palmito \u00e9 apreendido na feira livre em Guriri"},"content":{"rendered":"<p><a href=\"http:\/\/www.portalmantena.com.br\/novo\/wp-content\/uploads\/2019\/02\/no250219palmito.jpg\"><img loading=\"lazy\" class=\"alignnone size-full wp-image-43983\" src=\"http:\/\/www.portalmantena.com.br\/novo\/wp-content\/uploads\/2019\/02\/no250219palmito.jpg\" alt=\"\" width=\"700\" height=\"450\" srcset=\"http:\/\/www.portalmantena.com.br\/novo\/wp-content\/uploads\/2019\/02\/no250219palmito.jpg 700w, http:\/\/www.portalmantena.com.br\/novo\/wp-content\/uploads\/2019\/02\/no250219palmito-300x193.jpg 300w, http:\/\/www.portalmantena.com.br\/novo\/wp-content\/uploads\/2019\/02\/no250219palmito-696x447.jpg 696w, http:\/\/www.portalmantena.com.br\/novo\/wp-content\/uploads\/2019\/02\/no250219palmito-653x420.jpg 653w\" sizes=\"(max-width: 700px) 100vw, 700px\" \/><\/a><\/p>\n<p><span style=\"font-size: 14pt;\">Neste s\u00e1bado (23), policiais militares do Batalh\u00e3o de Pol\u00edcia Militar Ambiental (BPMA), flagraram a comercializa\u00e7\u00e3o e a extra\u00e7\u00e3o ilegal de palmito em S\u00e3o Mateus e Linhares. <\/span><\/p>\n<p><span style=\"font-size: 14pt;\">Pela manh\u00e3, os militares realizaram uma fiscaliza\u00e7\u00e3o na feira livre do balne\u00e1rio de Guriri e flagraram o com\u00e9rcio ilegal de palmito amargoso. O vendedor n\u00e3o possu\u00eda a documenta\u00e7\u00e3o necess\u00e1ria para com\u00e9rcio. <\/span><\/p>\n<p><span style=\"font-size: 14pt;\">J\u00e1 durante a tarde, outros dois indiv\u00edduos foram flagrados extraindo palmito no interior da Reserva Natural Vale, no munic\u00edpio de Linhares. <\/span><\/p>\n<p><span style=\"font-size: 14pt;\">O comandante da 3\u00aa Companhia, capit\u00e3o Fabr\u00edcio Pereira Rocha, frisa que o corte do palmito nativo (amargoso, pindoba, dend\u00ea, ju\u00e7ara) depende de autoriza\u00e7\u00e3o e de vistoria pr\u00e9via do Instituto de Defesa Agropecu\u00e1ria e Florestal (IDAF). <\/span><\/p>\n<p><span style=\"font-size: 14pt;\">J\u00e1 para algumas esp\u00e9cies ex\u00f3ticas (coco, pupunha ou a\u00e7a\u00ed), o corte pode ser feito mediante a informa\u00e7\u00e3o de corte ao IDAF. Para obter a documenta\u00e7\u00e3o, o produtor deve procurar o escrit\u00f3rio do IDAF do seu munic\u00edpio. O capit\u00e3o Fabr\u00edcio orienta que, para transportar e comercializar o palmito nativo \u00e9 preciso estar de posse do laudo de vistoria florestal, da autoriza\u00e7\u00e3o de explora\u00e7\u00e3o e da nota fiscal. Para algumas esp\u00e9cies ainda \u00e9 necess\u00e1rio o Documento de Origem Florestal (DOF). <\/span><\/p>\n<p><span style=\"font-size: 14pt;\">Todos os detidos nas ocorr\u00eancias e os materiais apreendidos foram encaminhados ao departamento policial da regi\u00e3o. (fonte\/foto:PM).<\/span><\/p>\n<p><a href=\"http:\/\/www.portalmantena.com.br\/novo\/\"><img loading=\"lazy\" class=\"alignnone size-full wp-image-37331\" src=\"http:\/\/www.portalmantena.com.br\/novo\/wp-content\/uploads\/2018\/05\/faixaportalnoticias5.jpg\" alt=\"\" width=\"700\" height=\"40\" srcset=\"http:\/\/www.portalmantena.com.br\/novo\/wp-content\/uploads\/2018\/05\/faixaportalnoticias5.jpg 700w, http:\/\/www.portalmantena.com.br\/novo\/wp-content\/uploads\/2018\/05\/faixaportalnoticias5-300x17.jpg 300w, http:\/\/www.portalmantena.com.br\/novo\/wp-content\/uploads\/2018\/05\/faixaportalnoticias5-696x40.jpg 696w\" sizes=\"(max-width: 700px) 100vw, 700px\" \/><\/a><\/p>\n<p><span style=\"font-size: 10pt;\">ESPA\u00c7O EMPRESARIAL<\/span><a href=\"http:\/\/www.molvw.com.br\/\"><img loading=\"lazy\" class=\"alignnone size-full wp-image-29504\" src=\"http:\/\/www.portalmantena.com.br\/novo\/wp-content\/uploads\/2018\/05\/molvolkswagen.jpg\" alt=\"\" width=\"700\" height=\"150\" srcset=\"http:\/\/www.portalmantena.com.br\/novo\/wp-content\/uploads\/2018\/05\/molvolkswagen.jpg 700w, http:\/\/www.portalmantena.com.br\/novo\/wp-content\/uploads\/2018\/05\/molvolkswagen-300x64.jpg 300w, http:\/\/www.portalmantena.com.br\/novo\/wp-content\/uploads\/2018\/05\/molvolkswagen-696x150.jpg 696w\" sizes=\"(max-width: 700px) 100vw, 700px\" \/><\/a><\/p>\n","protected":false},"excerpt":{"rendered":"<p>Neste s\u00e1bado (23), policiais militares do Batalh\u00e3o de Pol\u00edcia Militar Ambiental (BPMA), flagraram a comercializa\u00e7\u00e3o e a extra\u00e7\u00e3o ilegal de palmito em S\u00e3o Mateus e Linhares. Pela manh\u00e3, os militares realizaram uma fiscaliza\u00e7\u00e3o na feira livre do balne\u00e1rio de Guriri e flagraram o com\u00e9rcio ilegal de palmito amargoso. O vendedor n\u00e3o possu\u00eda a documenta\u00e7\u00e3o necess\u00e1ria [&hellip;]<\/p>\n","protected":false},"author":1,"featured_media":43983,"comment_status":"open","ping_status":"open","sticky":false,"template":"","format":"standard","meta":[],"categories":[11,34],"tags":[],"_links":{"self":[{"href":"http:\/\/www.portalmantena.com.br\/novo\/index.php?rest_route=\/wp\/v2\/posts\/43982"}],"collection":[{"href":"http:\/\/www.portalmantena.com.br\/novo\/index.php?rest_route=\/wp\/v2\/posts"}],"about":[{"href":"http:\/\/www.portalmantena.com.br\/novo\/index.php?rest_route=\/wp\/v2\/types\/post"}],"author":[{"embeddable":true,"href":"http:\/\/www.portalmantena.com.br\/novo\/index.php?rest_route=\/wp\/v2\/users\/1"}],"replies":[{"embeddable":true,"href":"http:\/\/www.portalmantena.com.br\/novo\/index.php?rest_route=%2Fwp%2Fv2%2Fcomments&post=43982"}],"version-history":[{"count":1,"href":"http:\/\/www.portalmantena.com.br\/novo\/index.php?rest_route=\/wp\/v2\/posts\/43982\/revisions"}],"predecessor-version":[{"id":43984,"href":"http:\/\/www.portalmantena.com.br\/novo\/index.php?rest_route=\/wp\/v2\/posts\/43982\/revisions\/43984"}],"wp:featuredmedia":[{"embeddable":true,"href":"http:\/\/www.portalmantena.com.br\/novo\/index.php?rest_route=\/wp\/v2\/media\/43983"}],"wp:attachment":[{"href":"http:\/\/www.portalmantena.com.br\/novo\/index.php?rest_route=%2Fwp%2Fv2%2Fmedia&parent=43982"}],"wp:term":[{"taxonomy":"category","embeddable":true,"href":"http:\/\/www.portalmantena.com.br\/novo\/index.php?rest_route=%2Fwp%2Fv2%2Fcategories&post=43982"},{"taxonomy":"post_tag","embeddable":true,"href":"http:\/\/www.portalmantena.com.br\/novo\/index.php?rest_route=%2Fwp%2Fv2%2Ftags&post=43982"}],"curies":[{"name":"wp","href":"https:\/\/api.w.org\/{rel}","templated":true}]}}