{"id":43972,"date":"2019-02-23T09:57:39","date_gmt":"2019-02-23T12:57:39","guid":{"rendered":"http:\/\/www.portalmantena.com.br\/novo\/?p=43972"},"modified":"2019-02-26T08:46:44","modified_gmt":"2019-02-26T11:46:44","slug":"restaurantes-de-mantena-aderem-ao-sistema-solar-de-energia","status":"publish","type":"post","link":"http:\/\/www.portalmantena.com.br\/novo\/?p=43972","title":{"rendered":"Restaurantes de Mantena aderem ao Sistema Solar de energia"},"content":{"rendered":"<p><a href=\"http:\/\/www.portalmantena.com.br\/novo\/wp-content\/uploads\/2019\/02\/no220219solar2.jpg\"><img loading=\"lazy\" class=\"alignnone size-full wp-image-43974\" src=\"http:\/\/www.portalmantena.com.br\/novo\/wp-content\/uploads\/2019\/02\/no220219solar2.jpg\" alt=\"\" width=\"700\" height=\"450\" srcset=\"http:\/\/www.portalmantena.com.br\/novo\/wp-content\/uploads\/2019\/02\/no220219solar2.jpg 700w, http:\/\/www.portalmantena.com.br\/novo\/wp-content\/uploads\/2019\/02\/no220219solar2-300x193.jpg 300w, http:\/\/www.portalmantena.com.br\/novo\/wp-content\/uploads\/2019\/02\/no220219solar2-696x447.jpg 696w, http:\/\/www.portalmantena.com.br\/novo\/wp-content\/uploads\/2019\/02\/no220219solar2-653x420.jpg 653w\" sizes=\"(max-width: 700px) 100vw, 700px\" \/><\/a><\/p>\n<p><span style=\"font-size: 14pt;\">O empresariado mantenense vem se modernizando e buscando fontes alternativas para a produ\u00e7\u00e3o da energia que consome tanto em sua empresa como em sua resid\u00eancia. <\/span><\/p>\n<p><span style=\"font-size: 14pt;\">Com a chegada da capta\u00e7\u00e3o da energia solar e das condi\u00e7\u00f5es facilitadas para adquirir seu pr\u00f3prio sistema, muitos est\u00e3o aderindo a esta forma limpa de fabricar sua pr\u00f3pria energia. <\/span><\/p>\n<p><span style=\"font-size: 14pt;\">Um exemplo \u00e9 o empres\u00e1rio Sr. Amado, do Restaurante Moreira no bairro Vila Nova, ele tamb\u00e9m resolveu inovar e investiu no sistema de energia em sua resid\u00eancia no qual projetou utilizar e ainda abastecer seu restaurante, trazendo assim uma economia mensal de R$ 1.500 reais. <\/span><\/p>\n<p><span style=\"font-size: 14pt;\">S\u00f3 nos \u00faltimos dias, empres\u00e1rios de pelo menos dois restaurantes em Mantena (Restaurantes Moreira e Alvorada) implantaram o Sistema de Energia Solar, e que j\u00e1 est\u00e3o em pleno funcionamento, isso sem falar no Restaurante Caipira Chique que est\u00e1 com seu sistema em fase de implanta\u00e7\u00e3o. <\/span><\/p>\n<p><span style=\"font-size: 14pt;\">Voc\u00ea que est\u00e1 interessado nesta nova op\u00e7\u00e3o de produzir sua pr\u00f3pria energia, fa\u00e7a contato com a empresa Tempo Solar em Mantena, solicite uma visita e um or\u00e7amento sem compromisso com o representante\u00a0<strong>Emerson Alves, atrav\u00e9s do telefone: (33) 9 8864-0218 (Whatsapp)<\/strong>.<\/span><\/p>\n<p><a href=\"http:\/\/www.portalmantena.com.br\/novo\/wp-content\/uploads\/2019\/02\/no220219solar1.jpg\"><img loading=\"lazy\" class=\"alignnone size-full wp-image-43973\" src=\"http:\/\/www.portalmantena.com.br\/novo\/wp-content\/uploads\/2019\/02\/no220219solar1.jpg\" alt=\"\" width=\"700\" height=\"450\" srcset=\"http:\/\/www.portalmantena.com.br\/novo\/wp-content\/uploads\/2019\/02\/no220219solar1.jpg 700w, http:\/\/www.portalmantena.com.br\/novo\/wp-content\/uploads\/2019\/02\/no220219solar1-300x193.jpg 300w, http:\/\/www.portalmantena.com.br\/novo\/wp-content\/uploads\/2019\/02\/no220219solar1-696x447.jpg 696w, http:\/\/www.portalmantena.com.br\/novo\/wp-content\/uploads\/2019\/02\/no220219solar1-653x420.jpg 653w\" sizes=\"(max-width: 700px) 100vw, 700px\" \/><\/a><a href=\"http:\/\/www.portalmantena.com.br\/novo\/\"><img loading=\"lazy\" class=\"alignnone size-full wp-image-37331\" src=\"http:\/\/www.portalmantena.com.br\/novo\/wp-content\/uploads\/2018\/05\/faixaportalnoticias5.jpg\" alt=\"\" width=\"700\" height=\"40\" srcset=\"http:\/\/www.portalmantena.com.br\/novo\/wp-content\/uploads\/2018\/05\/faixaportalnoticias5.jpg 700w, http:\/\/www.portalmantena.com.br\/novo\/wp-content\/uploads\/2018\/05\/faixaportalnoticias5-300x17.jpg 300w, http:\/\/www.portalmantena.com.br\/novo\/wp-content\/uploads\/2018\/05\/faixaportalnoticias5-696x40.jpg 696w\" sizes=\"(max-width: 700px) 100vw, 700px\" \/><\/a><\/p>\n<p><span style=\"font-size: 10pt;\">ESPA\u00c7O EMPRESARIAL<\/span><img loading=\"lazy\" class=\"alignnone size-full wp-image-30339\" src=\"http:\/\/www.portalmantena.com.br\/novo\/wp-content\/uploads\/2018\/05\/casadastintas.jpg\" alt=\"\" width=\"700\" height=\"150\" srcset=\"http:\/\/www.portalmantena.com.br\/novo\/wp-content\/uploads\/2018\/05\/casadastintas.jpg 700w, http:\/\/www.portalmantena.com.br\/novo\/wp-content\/uploads\/2018\/05\/casadastintas-300x64.jpg 300w, http:\/\/www.portalmantena.com.br\/novo\/wp-content\/uploads\/2018\/05\/casadastintas-696x150.jpg 696w\" sizes=\"(max-width: 700px) 100vw, 700px\" \/><\/p>\n","protected":false},"excerpt":{"rendered":"<p>O empresariado mantenense vem se modernizando e buscando fontes alternativas para a produ\u00e7\u00e3o da energia que consome tanto em sua empresa como em sua resid\u00eancia. Com a chegada da capta\u00e7\u00e3o da energia solar e das condi\u00e7\u00f5es facilitadas para adquirir seu pr\u00f3prio sistema, muitos est\u00e3o aderindo a esta forma limpa de fabricar sua pr\u00f3pria energia. Um [&hellip;]<\/p>\n","protected":false},"author":1,"featured_media":43974,"comment_status":"open","ping_status":"open","sticky":false,"template":"","format":"standard","meta":[],"categories":[36,69],"tags":[],"_links":{"self":[{"href":"http:\/\/www.portalmantena.com.br\/novo\/index.php?rest_route=\/wp\/v2\/posts\/43972"}],"collection":[{"href":"http:\/\/www.portalmantena.com.br\/novo\/index.php?rest_route=\/wp\/v2\/posts"}],"about":[{"href":"http:\/\/www.portalmantena.com.br\/novo\/index.php?rest_route=\/wp\/v2\/types\/post"}],"author":[{"embeddable":true,"href":"http:\/\/www.portalmantena.com.br\/novo\/index.php?rest_route=\/wp\/v2\/users\/1"}],"replies":[{"embeddable":true,"href":"http:\/\/www.portalmantena.com.br\/novo\/index.php?rest_route=%2Fwp%2Fv2%2Fcomments&post=43972"}],"version-history":[{"count":1,"href":"http:\/\/www.portalmantena.com.br\/novo\/index.php?rest_route=\/wp\/v2\/posts\/43972\/revisions"}],"predecessor-version":[{"id":43975,"href":"http:\/\/www.portalmantena.com.br\/novo\/index.php?rest_route=\/wp\/v2\/posts\/43972\/revisions\/43975"}],"wp:featuredmedia":[{"embeddable":true,"href":"http:\/\/www.portalmantena.com.br\/novo\/index.php?rest_route=\/wp\/v2\/media\/43974"}],"wp:attachment":[{"href":"http:\/\/www.portalmantena.com.br\/novo\/index.php?rest_route=%2Fwp%2Fv2%2Fmedia&parent=43972"}],"wp:term":[{"taxonomy":"category","embeddable":true,"href":"http:\/\/www.portalmantena.com.br\/novo\/index.php?rest_route=%2Fwp%2Fv2%2Fcategories&post=43972"},{"taxonomy":"post_tag","embeddable":true,"href":"http:\/\/www.portalmantena.com.br\/novo\/index.php?rest_route=%2Fwp%2Fv2%2Ftags&post=43972"}],"curies":[{"name":"wp","href":"https:\/\/api.w.org\/{rel}","templated":true}]}}