{"id":43961,"date":"2019-02-22T19:13:44","date_gmt":"2019-02-22T22:13:44","guid":{"rendered":"http:\/\/www.portalmantena.com.br\/novo\/?p=43961"},"modified":"2019-02-22T14:24:54","modified_gmt":"2019-02-22T17:24:54","slug":"sao-joao-pistola-e-apreendida-e-autor-preso-pela-policia-civil","status":"publish","type":"post","link":"http:\/\/www.portalmantena.com.br\/novo\/?p=43961","title":{"rendered":"S\u00e3o Jo\u00e3o: Pistola \u00e9 apreendida e autor preso pela pol\u00edcia Civil"},"content":{"rendered":"<p><a href=\"http:\/\/www.portalmantena.com.br\/novo\/wp-content\/uploads\/2019\/02\/no220219civil1.jpg\"><img loading=\"lazy\" class=\"alignnone size-full wp-image-43962\" src=\"http:\/\/www.portalmantena.com.br\/novo\/wp-content\/uploads\/2019\/02\/no220219civil1.jpg\" alt=\"\" width=\"700\" height=\"450\" srcset=\"http:\/\/www.portalmantena.com.br\/novo\/wp-content\/uploads\/2019\/02\/no220219civil1.jpg 700w, http:\/\/www.portalmantena.com.br\/novo\/wp-content\/uploads\/2019\/02\/no220219civil1-300x193.jpg 300w, http:\/\/www.portalmantena.com.br\/novo\/wp-content\/uploads\/2019\/02\/no220219civil1-696x447.jpg 696w, http:\/\/www.portalmantena.com.br\/novo\/wp-content\/uploads\/2019\/02\/no220219civil1-653x420.jpg 653w\" sizes=\"(max-width: 700px) 100vw, 700px\" \/><\/a><\/p>\n<p><span style=\"font-size: 14pt;\">Na manh\u00e3 desta sexta-feira dia 22 de fevereiro, Policiais Civis de Minas Gerais e do Esp\u00edrito Santo realizaram uma opera\u00e7\u00e3o na localidade de Vila Mirtes, em S\u00e3o Jo\u00e3o do Manteninha-MG. <\/span><\/p>\n<p><span style=\"font-size: 14pt;\">A opera\u00e7\u00e3o tinha por objetivo cumprir um mandado de busca e apreens\u00e3o domiciliar expedido pelo Poder Judici\u00e1rio da Comarca de Manten\u00f3polis-ES, no curso de uma investiga\u00e7\u00e3o de homic\u00eddio promovida pela Pol\u00edcia Civil Capixaba. <\/span><\/p>\n<p><span style=\"font-size: 14pt;\">Durante a dilig\u00eancia a equipe policial localizou uma pistola calibre 380, municiada com 12 cartuchos, na casa do investigado W.S., de 33 anos. <\/span><\/p>\n<p><span style=\"font-size: 14pt;\">Considerando que o investigado n\u00e3o possu\u00eda autoriza\u00e7\u00e3o para a posse da arma de fogo, e pelo fato de recair contra ele suspeitas da pr\u00e1tica de crime contra a vida, foi realizada a pris\u00e3o do propriet\u00e1rio da arma. <\/span><\/p>\n<p><span style=\"font-size: 14pt;\">O acusado foi encaminhado \u00e0 Delegacia de Mantena, onde foi autuado em flagrante delito. Em seguida, foi levado ao pres\u00eddio local, onde permanecer\u00e1 \u00e0 disposi\u00e7\u00e3o da Justi\u00e7a. (Fonte\/foto:PC).<\/span><\/p>\n<p><a href=\"http:\/\/www.portalmantena.com.br\/novo\/wp-content\/uploads\/2019\/02\/no220219civil4.jpg\"><img loading=\"lazy\" class=\"alignnone size-full wp-image-43965\" src=\"http:\/\/www.portalmantena.com.br\/novo\/wp-content\/uploads\/2019\/02\/no220219civil4.jpg\" alt=\"\" width=\"700\" height=\"450\" srcset=\"http:\/\/www.portalmantena.com.br\/novo\/wp-content\/uploads\/2019\/02\/no220219civil4.jpg 700w, http:\/\/www.portalmantena.com.br\/novo\/wp-content\/uploads\/2019\/02\/no220219civil4-300x193.jpg 300w, http:\/\/www.portalmantena.com.br\/novo\/wp-content\/uploads\/2019\/02\/no220219civil4-696x447.jpg 696w, http:\/\/www.portalmantena.com.br\/novo\/wp-content\/uploads\/2019\/02\/no220219civil4-653x420.jpg 653w\" sizes=\"(max-width: 700px) 100vw, 700px\" \/><\/a> <a href=\"http:\/\/www.portalmantena.com.br\/novo\/wp-content\/uploads\/2019\/02\/no220219civil3.jpg\"><img loading=\"lazy\" class=\"alignnone size-full wp-image-43964\" src=\"http:\/\/www.portalmantena.com.br\/novo\/wp-content\/uploads\/2019\/02\/no220219civil3.jpg\" alt=\"\" width=\"700\" height=\"450\" srcset=\"http:\/\/www.portalmantena.com.br\/novo\/wp-content\/uploads\/2019\/02\/no220219civil3.jpg 700w, http:\/\/www.portalmantena.com.br\/novo\/wp-content\/uploads\/2019\/02\/no220219civil3-300x193.jpg 300w, http:\/\/www.portalmantena.com.br\/novo\/wp-content\/uploads\/2019\/02\/no220219civil3-696x447.jpg 696w, http:\/\/www.portalmantena.com.br\/novo\/wp-content\/uploads\/2019\/02\/no220219civil3-653x420.jpg 653w\" sizes=\"(max-width: 700px) 100vw, 700px\" \/><\/a><a href=\"http:\/\/www.portalmantena.com.br\/novo\/\"><img loading=\"lazy\" class=\"alignnone size-full wp-image-37331\" src=\"http:\/\/www.portalmantena.com.br\/novo\/wp-content\/uploads\/2018\/05\/faixaportalnoticias5.jpg\" alt=\"\" width=\"700\" height=\"40\" srcset=\"http:\/\/www.portalmantena.com.br\/novo\/wp-content\/uploads\/2018\/05\/faixaportalnoticias5.jpg 700w, http:\/\/www.portalmantena.com.br\/novo\/wp-content\/uploads\/2018\/05\/faixaportalnoticias5-300x17.jpg 300w, http:\/\/www.portalmantena.com.br\/novo\/wp-content\/uploads\/2018\/05\/faixaportalnoticias5-696x40.jpg 696w\" sizes=\"(max-width: 700px) 100vw, 700px\" \/><\/a><\/p>\n<p><span style=\"font-size: 10pt;\">ESPA\u00c7O EMPRESARIAL<\/span><a href=\"https:\/\/www.facebook.com\/rf.oliveira.9?fb_dtsg_ag=AdwKEbD701SAGRAnk6E78RY0JikyBfz-gpQi9gILKYSxUg%3AAdzADEPHbaQFKiGvtHRVrGyd9Mg2UIuhHrTGTsZaOQaGyQ\"><img loading=\"lazy\" class=\"alignnone size-full wp-image-43303\" src=\"http:\/\/www.portalmantena.com.br\/novo\/wp-content\/uploads\/2018\/05\/avenida060219.jpg\" alt=\"\" width=\"700\" height=\"150\" srcset=\"http:\/\/www.portalmantena.com.br\/novo\/wp-content\/uploads\/2018\/05\/avenida060219.jpg 700w, http:\/\/www.portalmantena.com.br\/novo\/wp-content\/uploads\/2018\/05\/avenida060219-300x64.jpg 300w, http:\/\/www.portalmantena.com.br\/novo\/wp-content\/uploads\/2018\/05\/avenida060219-696x150.jpg 696w\" sizes=\"(max-width: 700px) 100vw, 700px\" \/><\/a><\/p>\n","protected":false},"excerpt":{"rendered":"<p>Na manh\u00e3 desta sexta-feira dia 22 de fevereiro, Policiais Civis de Minas Gerais e do Esp\u00edrito Santo realizaram uma opera\u00e7\u00e3o na localidade de Vila Mirtes, em S\u00e3o Jo\u00e3o do Manteninha-MG. A opera\u00e7\u00e3o tinha por objetivo cumprir um mandado de busca e apreens\u00e3o domiciliar expedido pelo Poder Judici\u00e1rio da Comarca de Manten\u00f3polis-ES, no curso de uma [&hellip;]<\/p>\n","protected":false},"author":1,"featured_media":43965,"comment_status":"open","ping_status":"open","sticky":false,"template":"","format":"standard","meta":[],"categories":[12,34],"tags":[],"_links":{"self":[{"href":"http:\/\/www.portalmantena.com.br\/novo\/index.php?rest_route=\/wp\/v2\/posts\/43961"}],"collection":[{"href":"http:\/\/www.portalmantena.com.br\/novo\/index.php?rest_route=\/wp\/v2\/posts"}],"about":[{"href":"http:\/\/www.portalmantena.com.br\/novo\/index.php?rest_route=\/wp\/v2\/types\/post"}],"author":[{"embeddable":true,"href":"http:\/\/www.portalmantena.com.br\/novo\/index.php?rest_route=\/wp\/v2\/users\/1"}],"replies":[{"embeddable":true,"href":"http:\/\/www.portalmantena.com.br\/novo\/index.php?rest_route=%2Fwp%2Fv2%2Fcomments&post=43961"}],"version-history":[{"count":1,"href":"http:\/\/www.portalmantena.com.br\/novo\/index.php?rest_route=\/wp\/v2\/posts\/43961\/revisions"}],"predecessor-version":[{"id":43967,"href":"http:\/\/www.portalmantena.com.br\/novo\/index.php?rest_route=\/wp\/v2\/posts\/43961\/revisions\/43967"}],"wp:featuredmedia":[{"embeddable":true,"href":"http:\/\/www.portalmantena.com.br\/novo\/index.php?rest_route=\/wp\/v2\/media\/43965"}],"wp:attachment":[{"href":"http:\/\/www.portalmantena.com.br\/novo\/index.php?rest_route=%2Fwp%2Fv2%2Fmedia&parent=43961"}],"wp:term":[{"taxonomy":"category","embeddable":true,"href":"http:\/\/www.portalmantena.com.br\/novo\/index.php?rest_route=%2Fwp%2Fv2%2Fcategories&post=43961"},{"taxonomy":"post_tag","embeddable":true,"href":"http:\/\/www.portalmantena.com.br\/novo\/index.php?rest_route=%2Fwp%2Fv2%2Ftags&post=43961"}],"curies":[{"name":"wp","href":"https:\/\/api.w.org\/{rel}","templated":true}]}}