{"id":4396,"date":"2017-04-10T12:34:47","date_gmt":"2017-04-10T15:34:47","guid":{"rendered":"http:\/\/www.portalmantena.com.br\/novo\/?p=4396"},"modified":"2017-04-10T12:34:47","modified_gmt":"2017-04-10T15:34:47","slug":"caldense-vence-o-atletico-mg-de-virada-mas-fica-fora-das-semifinais","status":"publish","type":"post","link":"http:\/\/www.portalmantena.com.br\/novo\/?p=4396","title":{"rendered":"Caldense vence o Atl\u00e9tico-MG de virada, mas fica fora das semifinais"},"content":{"rendered":"<p><a href=\"http:\/\/www.portalmantena.com.br\/novo\/wp-content\/uploads\/2017\/04\/es100417galo.jpg\"><img loading=\"lazy\" class=\"alignnone size-full wp-image-4397\" src=\"http:\/\/www.portalmantena.com.br\/novo\/wp-content\/uploads\/2017\/04\/es100417galo.jpg\" alt=\"\" width=\"650\" height=\"420\" srcset=\"http:\/\/www.portalmantena.com.br\/novo\/wp-content\/uploads\/2017\/04\/es100417galo.jpg 650w, http:\/\/www.portalmantena.com.br\/novo\/wp-content\/uploads\/2017\/04\/es100417galo-300x194.jpg 300w\" sizes=\"(max-width: 650px) 100vw, 650px\" \/><\/a><\/p>\n<p><span style=\"font-size: 14pt; color: #003366;\">Caldense vence o Atl\u00e9tico-MG de virada, mas fica fora das semifinais<\/span><\/p>\n<p><span style=\"font-size: 14pt;\">&gt;&gt;&gt;A Caldense venceu os reservas do Atl\u00e9tico-MG de virada por 2 a 1 na tarde deste domingo (9) pela \u00faltima rodada da fase de classifica\u00e7\u00e3o do Campeonato Mineiro. Apesar da vit\u00f3ria, a Veterana n\u00e3o conseguiu chegar \u00e0s semifinais do estadual. A vit\u00f3ria do URT pelo mesmo placar contra o Tombense classificou o time de Patos de Minas (MG). A partida valeu como teste para o t\u00e9cnico R\u00f3ger Machado, que aproveitou para poupar titulares de olho no confronto contra o Sport Boys-BOL, pela Libertadores, na pr\u00f3xima quinta-feira (13). Entre os que ganharam uma chance, destaque para o meia Marlone, que marcou seu primeiro gol com a camisa do Galo. Luiz Eduardo e Cristiano, com um gola\u00e7o, marcaram os gols da vit\u00f3ria do time de Po\u00e7os de Caldas. Com o resultado, o Atl\u00e9tico-MG terminou a fase de classifica\u00e7\u00e3o em 1\u00ba lugar, com 27 pontos, mesma pontua\u00e7\u00e3o do Cruzeiro, mas com uma vit\u00f3ria a mais. O Galo enfrenta agora a URT nas semifinais do estadual. J\u00e1 a Caldense fecha sua participa\u00e7\u00e3o em 5\u00ba lugar, com 17 pontos. A Veterana agora se prepara para a disputa da S\u00e9rie D, que come\u00e7a no m\u00eas de maio. (fonte\/foto:globo)<\/span><\/p>\n","protected":false},"excerpt":{"rendered":"<p>Caldense vence o Atl\u00e9tico-MG de virada, mas fica fora das semifinais &gt;&gt;&gt;A Caldense venceu os reservas do Atl\u00e9tico-MG de virada por 2 a 1 na tarde deste domingo (9) pela \u00faltima rodada da fase de classifica\u00e7\u00e3o do Campeonato Mineiro. Apesar da vit\u00f3ria, a Veterana n\u00e3o conseguiu chegar \u00e0s semifinais do estadual. A vit\u00f3ria do URT [&hellip;]<\/p>\n","protected":false},"author":1,"featured_media":4397,"comment_status":"open","ping_status":"open","sticky":false,"template":"","format":"standard","meta":[],"categories":[22],"tags":[],"_links":{"self":[{"href":"http:\/\/www.portalmantena.com.br\/novo\/index.php?rest_route=\/wp\/v2\/posts\/4396"}],"collection":[{"href":"http:\/\/www.portalmantena.com.br\/novo\/index.php?rest_route=\/wp\/v2\/posts"}],"about":[{"href":"http:\/\/www.portalmantena.com.br\/novo\/index.php?rest_route=\/wp\/v2\/types\/post"}],"author":[{"embeddable":true,"href":"http:\/\/www.portalmantena.com.br\/novo\/index.php?rest_route=\/wp\/v2\/users\/1"}],"replies":[{"embeddable":true,"href":"http:\/\/www.portalmantena.com.br\/novo\/index.php?rest_route=%2Fwp%2Fv2%2Fcomments&post=4396"}],"version-history":[{"count":1,"href":"http:\/\/www.portalmantena.com.br\/novo\/index.php?rest_route=\/wp\/v2\/posts\/4396\/revisions"}],"predecessor-version":[{"id":4398,"href":"http:\/\/www.portalmantena.com.br\/novo\/index.php?rest_route=\/wp\/v2\/posts\/4396\/revisions\/4398"}],"wp:featuredmedia":[{"embeddable":true,"href":"http:\/\/www.portalmantena.com.br\/novo\/index.php?rest_route=\/wp\/v2\/media\/4397"}],"wp:attachment":[{"href":"http:\/\/www.portalmantena.com.br\/novo\/index.php?rest_route=%2Fwp%2Fv2%2Fmedia&parent=4396"}],"wp:term":[{"taxonomy":"category","embeddable":true,"href":"http:\/\/www.portalmantena.com.br\/novo\/index.php?rest_route=%2Fwp%2Fv2%2Fcategories&post=4396"},{"taxonomy":"post_tag","embeddable":true,"href":"http:\/\/www.portalmantena.com.br\/novo\/index.php?rest_route=%2Fwp%2Fv2%2Ftags&post=4396"}],"curies":[{"name":"wp","href":"https:\/\/api.w.org\/{rel}","templated":true}]}}