{"id":4377,"date":"2017-04-10T11:44:07","date_gmt":"2017-04-10T14:44:07","guid":{"rendered":"http:\/\/www.portalmantena.com.br\/novo\/?p=4377"},"modified":"2017-04-10T10:10:51","modified_gmt":"2017-04-10T13:10:51","slug":"produtores-rurais-de-cuparaque-participam-de-um-dia-de-campo-proveitoso","status":"publish","type":"post","link":"http:\/\/www.portalmantena.com.br\/novo\/?p=4377","title":{"rendered":"Produtores rurais de Cuparaque participam de um Dia de Campo proveitoso"},"content":{"rendered":"<p><a href=\"http:\/\/www.portalmantena.com.br\/novo\/wp-content\/uploads\/2017\/04\/no100417cupara1.jpg\"><img loading=\"lazy\" class=\"alignnone size-full wp-image-4378\" src=\"http:\/\/www.portalmantena.com.br\/novo\/wp-content\/uploads\/2017\/04\/no100417cupara1.jpg\" alt=\"\" width=\"700\" height=\"450\" srcset=\"http:\/\/www.portalmantena.com.br\/novo\/wp-content\/uploads\/2017\/04\/no100417cupara1.jpg 700w, http:\/\/www.portalmantena.com.br\/novo\/wp-content\/uploads\/2017\/04\/no100417cupara1-300x193.jpg 300w, http:\/\/www.portalmantena.com.br\/novo\/wp-content\/uploads\/2017\/04\/no100417cupara1-696x447.jpg 696w, http:\/\/www.portalmantena.com.br\/novo\/wp-content\/uploads\/2017\/04\/no100417cupara1-653x420.jpg 653w\" sizes=\"(max-width: 700px) 100vw, 700px\" \/><\/a><\/p>\n<p><span style=\"font-size: 14pt;\">Produtores rurais da regi\u00e3o de Cuparaque se reuniram na tarde a \u00faltima ter\u00e7a-feira dia 04 de abril, na fazenda Pedra do Galho, para o dia de campo promovido pelo CBH-Sua\u00e7u\u00ed. <\/span><\/p>\n<p><span style=\"font-size: 14pt;\">Durante evento, que contou com a participa\u00e7\u00e3o da prefeita M\u00f4nica Tessarolo, representantes da EMATER, Instituto Terra, IBIO e do comit\u00ea, foram apresentados os resultados do Programa de Incentivo ao Uso Racional da \u00c1gua na Agricultura (P22), que contempla o produtor com o irrig\u00e2metro, (equipamento que indica a quantidade de\u00a0\u00e1gua que deve ser usada na irriga\u00e7\u00e3o). <\/span><\/p>\n<p><span style=\"font-size: 14pt;\">Al\u00e9m disso, outros assuntos importantes fizeram parte da pauta, entre eles foram discutidas t\u00e9cnicas de conserva\u00e7\u00e3o do solo e t\u00e9cnicas de irriga\u00e7\u00e3o.<\/span><\/p>\n<p><a href=\"http:\/\/www.portalmantena.com.br\/novo\/wp-content\/uploads\/2017\/04\/no100417cupara2.jpg\"><img loading=\"lazy\" class=\"alignnone size-full wp-image-4379\" src=\"http:\/\/www.portalmantena.com.br\/novo\/wp-content\/uploads\/2017\/04\/no100417cupara2.jpg\" alt=\"\" width=\"700\" height=\"450\" srcset=\"http:\/\/www.portalmantena.com.br\/novo\/wp-content\/uploads\/2017\/04\/no100417cupara2.jpg 700w, http:\/\/www.portalmantena.com.br\/novo\/wp-content\/uploads\/2017\/04\/no100417cupara2-300x193.jpg 300w, http:\/\/www.portalmantena.com.br\/novo\/wp-content\/uploads\/2017\/04\/no100417cupara2-696x447.jpg 696w, http:\/\/www.portalmantena.com.br\/novo\/wp-content\/uploads\/2017\/04\/no100417cupara2-653x420.jpg 653w\" sizes=\"(max-width: 700px) 100vw, 700px\" \/><\/a> <a href=\"http:\/\/www.portalmantena.com.br\/novo\/wp-content\/uploads\/2017\/04\/no100417cupara3.jpg\"><img loading=\"lazy\" class=\"alignnone size-full wp-image-4380\" src=\"http:\/\/www.portalmantena.com.br\/novo\/wp-content\/uploads\/2017\/04\/no100417cupara3.jpg\" alt=\"\" width=\"700\" height=\"450\" srcset=\"http:\/\/www.portalmantena.com.br\/novo\/wp-content\/uploads\/2017\/04\/no100417cupara3.jpg 700w, http:\/\/www.portalmantena.com.br\/novo\/wp-content\/uploads\/2017\/04\/no100417cupara3-300x193.jpg 300w, http:\/\/www.portalmantena.com.br\/novo\/wp-content\/uploads\/2017\/04\/no100417cupara3-696x447.jpg 696w, http:\/\/www.portalmantena.com.br\/novo\/wp-content\/uploads\/2017\/04\/no100417cupara3-653x420.jpg 653w\" sizes=\"(max-width: 700px) 100vw, 700px\" \/><\/a> <a href=\"http:\/\/www.portalmantena.com.br\/novo\/wp-content\/uploads\/2017\/04\/no100417cupara4.jpg\"><img loading=\"lazy\" class=\"alignnone size-full wp-image-4381\" src=\"http:\/\/www.portalmantena.com.br\/novo\/wp-content\/uploads\/2017\/04\/no100417cupara4.jpg\" alt=\"\" width=\"700\" height=\"450\" srcset=\"http:\/\/www.portalmantena.com.br\/novo\/wp-content\/uploads\/2017\/04\/no100417cupara4.jpg 700w, http:\/\/www.portalmantena.com.br\/novo\/wp-content\/uploads\/2017\/04\/no100417cupara4-300x193.jpg 300w, http:\/\/www.portalmantena.com.br\/novo\/wp-content\/uploads\/2017\/04\/no100417cupara4-696x447.jpg 696w, http:\/\/www.portalmantena.com.br\/novo\/wp-content\/uploads\/2017\/04\/no100417cupara4-653x420.jpg 653w\" sizes=\"(max-width: 700px) 100vw, 700px\" \/><\/a><\/p>\n","protected":false},"excerpt":{"rendered":"<p>Produtores rurais da regi\u00e3o de Cuparaque se reuniram na tarde a \u00faltima ter\u00e7a-feira dia 04 de abril, na fazenda Pedra do Galho, para o dia de campo promovido pelo CBH-Sua\u00e7u\u00ed. Durante evento, que contou com a participa\u00e7\u00e3o da prefeita M\u00f4nica Tessarolo, representantes da EMATER, Instituto Terra, IBIO e do comit\u00ea, foram apresentados os resultados do [&hellip;]<\/p>\n","protected":false},"author":1,"featured_media":4379,"comment_status":"open","ping_status":"open","sticky":false,"template":"","format":"standard","meta":[],"categories":[11,39],"tags":[],"_links":{"self":[{"href":"http:\/\/www.portalmantena.com.br\/novo\/index.php?rest_route=\/wp\/v2\/posts\/4377"}],"collection":[{"href":"http:\/\/www.portalmantena.com.br\/novo\/index.php?rest_route=\/wp\/v2\/posts"}],"about":[{"href":"http:\/\/www.portalmantena.com.br\/novo\/index.php?rest_route=\/wp\/v2\/types\/post"}],"author":[{"embeddable":true,"href":"http:\/\/www.portalmantena.com.br\/novo\/index.php?rest_route=\/wp\/v2\/users\/1"}],"replies":[{"embeddable":true,"href":"http:\/\/www.portalmantena.com.br\/novo\/index.php?rest_route=%2Fwp%2Fv2%2Fcomments&post=4377"}],"version-history":[{"count":1,"href":"http:\/\/www.portalmantena.com.br\/novo\/index.php?rest_route=\/wp\/v2\/posts\/4377\/revisions"}],"predecessor-version":[{"id":4382,"href":"http:\/\/www.portalmantena.com.br\/novo\/index.php?rest_route=\/wp\/v2\/posts\/4377\/revisions\/4382"}],"wp:featuredmedia":[{"embeddable":true,"href":"http:\/\/www.portalmantena.com.br\/novo\/index.php?rest_route=\/wp\/v2\/media\/4379"}],"wp:attachment":[{"href":"http:\/\/www.portalmantena.com.br\/novo\/index.php?rest_route=%2Fwp%2Fv2%2Fmedia&parent=4377"}],"wp:term":[{"taxonomy":"category","embeddable":true,"href":"http:\/\/www.portalmantena.com.br\/novo\/index.php?rest_route=%2Fwp%2Fv2%2Fcategories&post=4377"},{"taxonomy":"post_tag","embeddable":true,"href":"http:\/\/www.portalmantena.com.br\/novo\/index.php?rest_route=%2Fwp%2Fv2%2Ftags&post=4377"}],"curies":[{"name":"wp","href":"https:\/\/api.w.org\/{rel}","templated":true}]}}