{"id":43713,"date":"2019-02-15T17:02:27","date_gmt":"2019-02-15T19:02:27","guid":{"rendered":"http:\/\/www.portalmantena.com.br\/novo\/?p=43713"},"modified":"2019-02-15T17:02:27","modified_gmt":"2019-02-15T19:02:27","slug":"faleceu-em-mantena-o-ilustre-mantenense-sr-jose-uzai","status":"publish","type":"post","link":"http:\/\/www.portalmantena.com.br\/novo\/?p=43713","title":{"rendered":"Faleceu em Mantena o ilustre mantenense Sr. Jos\u00e9 Uzai"},"content":{"rendered":"<p><a href=\"http:\/\/www.portalmantena.com.br\/novo\/wp-content\/uploads\/2019\/02\/no150219luto.jpg\"><img loading=\"lazy\" class=\"alignnone size-full wp-image-43714\" src=\"http:\/\/www.portalmantena.com.br\/novo\/wp-content\/uploads\/2019\/02\/no150219luto.jpg\" alt=\"\" width=\"700\" height=\"450\" srcset=\"http:\/\/www.portalmantena.com.br\/novo\/wp-content\/uploads\/2019\/02\/no150219luto.jpg 700w, http:\/\/www.portalmantena.com.br\/novo\/wp-content\/uploads\/2019\/02\/no150219luto-300x193.jpg 300w, http:\/\/www.portalmantena.com.br\/novo\/wp-content\/uploads\/2019\/02\/no150219luto-696x447.jpg 696w, http:\/\/www.portalmantena.com.br\/novo\/wp-content\/uploads\/2019\/02\/no150219luto-653x420.jpg 653w\" sizes=\"(max-width: 700px) 100vw, 700px\" \/><\/a><\/p>\n<p><span style=\"font-size: 14pt;\">Faleceu nesta sexta-feira dia 15 de Fevereiro em Mantena, o ilustre mantenense Sr. Jos\u00e9 Uzai. <\/span><\/p>\n<p><span style=\"font-size: 14pt;\">Ele estava internado h\u00e1 alguns dias e seu estado de sa\u00fade se agravou. Seu corpo est\u00e1 sendo velado na capela vel\u00f3rio, o sepultamento acontecer\u00e1 neste s\u00e1bado (16), \u00e0s 9 horas da manh\u00e3 no Cemit\u00e9rio do Centro. <\/span><\/p>\n<p><span style=\"font-size: 14pt;\">A fam\u00edlia enlutada, esposa Dona Maria Jos\u00e9 Uzai, os filhos Gleice, Marcelo, Rejane, Jussara, Ricardo e demais familiares agradecem a todos aqueles que comparecerem.<\/span><\/p>\n<p>&nbsp;<\/p>\n","protected":false},"excerpt":{"rendered":"<p>Faleceu nesta sexta-feira dia 15 de Fevereiro em Mantena, o ilustre mantenense Sr. Jos\u00e9 Uzai. Ele estava internado h\u00e1 alguns dias e seu estado de sa\u00fade se agravou. Seu corpo est\u00e1 sendo velado na capela vel\u00f3rio, o sepultamento acontecer\u00e1 neste s\u00e1bado (16), \u00e0s 9 horas da manh\u00e3 no Cemit\u00e9rio do Centro. A fam\u00edlia enlutada, esposa [&hellip;]<\/p>\n","protected":false},"author":1,"featured_media":43714,"comment_status":"open","ping_status":"open","sticky":false,"template":"","format":"standard","meta":[],"categories":[36,11],"tags":[],"_links":{"self":[{"href":"http:\/\/www.portalmantena.com.br\/novo\/index.php?rest_route=\/wp\/v2\/posts\/43713"}],"collection":[{"href":"http:\/\/www.portalmantena.com.br\/novo\/index.php?rest_route=\/wp\/v2\/posts"}],"about":[{"href":"http:\/\/www.portalmantena.com.br\/novo\/index.php?rest_route=\/wp\/v2\/types\/post"}],"author":[{"embeddable":true,"href":"http:\/\/www.portalmantena.com.br\/novo\/index.php?rest_route=\/wp\/v2\/users\/1"}],"replies":[{"embeddable":true,"href":"http:\/\/www.portalmantena.com.br\/novo\/index.php?rest_route=%2Fwp%2Fv2%2Fcomments&post=43713"}],"version-history":[{"count":1,"href":"http:\/\/www.portalmantena.com.br\/novo\/index.php?rest_route=\/wp\/v2\/posts\/43713\/revisions"}],"predecessor-version":[{"id":43715,"href":"http:\/\/www.portalmantena.com.br\/novo\/index.php?rest_route=\/wp\/v2\/posts\/43713\/revisions\/43715"}],"wp:featuredmedia":[{"embeddable":true,"href":"http:\/\/www.portalmantena.com.br\/novo\/index.php?rest_route=\/wp\/v2\/media\/43714"}],"wp:attachment":[{"href":"http:\/\/www.portalmantena.com.br\/novo\/index.php?rest_route=%2Fwp%2Fv2%2Fmedia&parent=43713"}],"wp:term":[{"taxonomy":"category","embeddable":true,"href":"http:\/\/www.portalmantena.com.br\/novo\/index.php?rest_route=%2Fwp%2Fv2%2Fcategories&post=43713"},{"taxonomy":"post_tag","embeddable":true,"href":"http:\/\/www.portalmantena.com.br\/novo\/index.php?rest_route=%2Fwp%2Fv2%2Ftags&post=43713"}],"curies":[{"name":"wp","href":"https:\/\/api.w.org\/{rel}","templated":true}]}}