{"id":43709,"date":"2019-02-15T16:55:13","date_gmt":"2019-02-15T18:55:13","guid":{"rendered":"http:\/\/www.portalmantena.com.br\/novo\/?p=43709"},"modified":"2019-02-15T16:55:13","modified_gmt":"2019-02-15T18:55:13","slug":"teatro-comedia-em-mantena-nesta-sexta-e-sabado","status":"publish","type":"post","link":"http:\/\/www.portalmantena.com.br\/novo\/?p=43709","title":{"rendered":"Teatro Com\u00e9dia em Mantena nesta sexta e s\u00e1bado"},"content":{"rendered":"<p><a href=\"http:\/\/www.portalmantena.com.br\/novo\/wp-content\/uploads\/2019\/02\/no150219noiva.jpg\"><img loading=\"lazy\" class=\"alignnone size-full wp-image-43711\" src=\"http:\/\/www.portalmantena.com.br\/novo\/wp-content\/uploads\/2019\/02\/no150219noiva.jpg\" alt=\"\" width=\"700\" height=\"450\" srcset=\"http:\/\/www.portalmantena.com.br\/novo\/wp-content\/uploads\/2019\/02\/no150219noiva.jpg 700w, http:\/\/www.portalmantena.com.br\/novo\/wp-content\/uploads\/2019\/02\/no150219noiva-300x193.jpg 300w, http:\/\/www.portalmantena.com.br\/novo\/wp-content\/uploads\/2019\/02\/no150219noiva-696x447.jpg 696w, http:\/\/www.portalmantena.com.br\/novo\/wp-content\/uploads\/2019\/02\/no150219noiva-653x420.jpg 653w\" sizes=\"(max-width: 700px) 100vw, 700px\" \/><\/a><\/p>\n<p><span style=\"font-size: 14pt;\">Os mantenenses tem visto pela cidade, circulando com frequ\u00eancia pelas ruas nos \u00faltimos dias, algumas pessoas vestidas com trajes de noivas. <\/span><\/p>\n<p><span style=\"font-size: 14pt;\">Trata-se do marketing de uma pe\u00e7a teatral que ser\u00e1 apresentada nesta sexta e s\u00e1bado (15 e 16), na quadra da Escola Municipal Ant\u00f4nio Carlos, a partir das 20 horas. <\/span><\/p>\n<p><span style=\"font-size: 14pt;\">Comerciantes mantenenses est\u00e3o apoiando este momento cultural na cidade, bem como a prefeitura atrav\u00e9s da Secretaria de Cultura. Ingressos est\u00e3o \u00e0 venda h\u00e1 R$ 8 reais de forma antecipada e R$ 10 reais na portaria. <\/span><\/p>\n<p><span style=\"font-size: 14pt;\">O teatro Com\u00e9dia chega mais uma vez na cidade ap\u00f3s estes mesmos personagens terem apresentado a pe\u00e7a \u201cSantas Apimentadas\u201d. Desta vez o espet\u00e1culo tr\u00e1s o t\u00edtulo \u201cNoivas em Guerra, at\u00e9 que a sogra nos separa\u201d.<\/span><\/p>\n<p><a href=\"http:\/\/www.portalmantena.com.br\/novo\/\"><img loading=\"lazy\" class=\"alignnone size-full wp-image-37331\" src=\"http:\/\/www.portalmantena.com.br\/novo\/wp-content\/uploads\/2018\/05\/faixaportalnoticias5.jpg\" alt=\"\" width=\"700\" height=\"40\" srcset=\"http:\/\/www.portalmantena.com.br\/novo\/wp-content\/uploads\/2018\/05\/faixaportalnoticias5.jpg 700w, http:\/\/www.portalmantena.com.br\/novo\/wp-content\/uploads\/2018\/05\/faixaportalnoticias5-300x17.jpg 300w, http:\/\/www.portalmantena.com.br\/novo\/wp-content\/uploads\/2018\/05\/faixaportalnoticias5-696x40.jpg 696w\" sizes=\"(max-width: 700px) 100vw, 700px\" \/><\/a><\/p>\n<p><span style=\"font-size: 10pt;\">ESPA\u00c7O EMPRESARIAL<\/span><a href=\"https:\/\/www.facebook.com\/rf.oliveira.9?fb_dtsg_ag=AdwKEbD701SAGRAnk6E78RY0JikyBfz-gpQi9gILKYSxUg%3AAdzADEPHbaQFKiGvtHRVrGyd9Mg2UIuhHrTGTsZaOQaGyQ\"><img loading=\"lazy\" class=\"alignnone size-full wp-image-43303\" src=\"http:\/\/www.portalmantena.com.br\/novo\/wp-content\/uploads\/2018\/05\/avenida060219.jpg\" alt=\"\" width=\"700\" height=\"150\" srcset=\"http:\/\/www.portalmantena.com.br\/novo\/wp-content\/uploads\/2018\/05\/avenida060219.jpg 700w, http:\/\/www.portalmantena.com.br\/novo\/wp-content\/uploads\/2018\/05\/avenida060219-300x64.jpg 300w, http:\/\/www.portalmantena.com.br\/novo\/wp-content\/uploads\/2018\/05\/avenida060219-696x150.jpg 696w\" sizes=\"(max-width: 700px) 100vw, 700px\" \/><\/a><\/p>\n","protected":false},"excerpt":{"rendered":"<p>Os mantenenses tem visto pela cidade, circulando com frequ\u00eancia pelas ruas nos \u00faltimos dias, algumas pessoas vestidas com trajes de noivas. Trata-se do marketing de uma pe\u00e7a teatral que ser\u00e1 apresentada nesta sexta e s\u00e1bado (15 e 16), na quadra da Escola Municipal Ant\u00f4nio Carlos, a partir das 20 horas. Comerciantes mantenenses est\u00e3o apoiando este [&hellip;]<\/p>\n","protected":false},"author":1,"featured_media":43711,"comment_status":"open","ping_status":"open","sticky":false,"template":"","format":"standard","meta":[],"categories":[36,11],"tags":[],"_links":{"self":[{"href":"http:\/\/www.portalmantena.com.br\/novo\/index.php?rest_route=\/wp\/v2\/posts\/43709"}],"collection":[{"href":"http:\/\/www.portalmantena.com.br\/novo\/index.php?rest_route=\/wp\/v2\/posts"}],"about":[{"href":"http:\/\/www.portalmantena.com.br\/novo\/index.php?rest_route=\/wp\/v2\/types\/post"}],"author":[{"embeddable":true,"href":"http:\/\/www.portalmantena.com.br\/novo\/index.php?rest_route=\/wp\/v2\/users\/1"}],"replies":[{"embeddable":true,"href":"http:\/\/www.portalmantena.com.br\/novo\/index.php?rest_route=%2Fwp%2Fv2%2Fcomments&post=43709"}],"version-history":[{"count":1,"href":"http:\/\/www.portalmantena.com.br\/novo\/index.php?rest_route=\/wp\/v2\/posts\/43709\/revisions"}],"predecessor-version":[{"id":43712,"href":"http:\/\/www.portalmantena.com.br\/novo\/index.php?rest_route=\/wp\/v2\/posts\/43709\/revisions\/43712"}],"wp:featuredmedia":[{"embeddable":true,"href":"http:\/\/www.portalmantena.com.br\/novo\/index.php?rest_route=\/wp\/v2\/media\/43711"}],"wp:attachment":[{"href":"http:\/\/www.portalmantena.com.br\/novo\/index.php?rest_route=%2Fwp%2Fv2%2Fmedia&parent=43709"}],"wp:term":[{"taxonomy":"category","embeddable":true,"href":"http:\/\/www.portalmantena.com.br\/novo\/index.php?rest_route=%2Fwp%2Fv2%2Fcategories&post=43709"},{"taxonomy":"post_tag","embeddable":true,"href":"http:\/\/www.portalmantena.com.br\/novo\/index.php?rest_route=%2Fwp%2Fv2%2Ftags&post=43709"}],"curies":[{"name":"wp","href":"https:\/\/api.w.org\/{rel}","templated":true}]}}