{"id":43692,"date":"2019-02-16T05:20:16","date_gmt":"2019-02-16T07:20:16","guid":{"rendered":"http:\/\/www.portalmantena.com.br\/novo\/?p=43692"},"modified":"2019-02-15T15:23:13","modified_gmt":"2019-02-15T17:23:13","slug":"suspeitos-sao-detidos-apos-tentar-se-livrar-de-drogas","status":"publish","type":"post","link":"http:\/\/www.portalmantena.com.br\/novo\/?p=43692","title":{"rendered":"Suspeitos s\u00e3o detidos ap\u00f3s tentar se livrar de drogas"},"content":{"rendered":"<p><a href=\"http:\/\/www.portalmantena.com.br\/novo\/wp-content\/uploads\/2019\/02\/no150219droga1.jpg\"><img loading=\"lazy\" class=\"alignnone size-full wp-image-43693\" src=\"http:\/\/www.portalmantena.com.br\/novo\/wp-content\/uploads\/2019\/02\/no150219droga1.jpg\" alt=\"\" width=\"700\" height=\"450\" srcset=\"http:\/\/www.portalmantena.com.br\/novo\/wp-content\/uploads\/2019\/02\/no150219droga1.jpg 700w, http:\/\/www.portalmantena.com.br\/novo\/wp-content\/uploads\/2019\/02\/no150219droga1-300x193.jpg 300w, http:\/\/www.portalmantena.com.br\/novo\/wp-content\/uploads\/2019\/02\/no150219droga1-696x447.jpg 696w, http:\/\/www.portalmantena.com.br\/novo\/wp-content\/uploads\/2019\/02\/no150219droga1-653x420.jpg 653w\" sizes=\"(max-width: 700px) 100vw, 700px\" \/><\/a><\/p>\n<p><span style=\"font-size: 14pt;\">Na tarde desta quinta-feira (14), policiais militares do 13\u00ba Batalh\u00e3o detiveram seis pessoas durante opera\u00e7\u00e3o conjunta realizada com a Pol\u00edcia Civil no bairro Marc\u00edlio Dias II, em Concei\u00e7\u00e3o da Barra. <\/span><\/p>\n<p><span style=\"font-size: 14pt;\">A opera\u00e7\u00e3o foi motivada pelo cumprimento de um Mandado de Busca e Apreens\u00e3o emitido pelo Poder Judici\u00e1rio e foi comandada pelo delegado Alisson Pereira Pequeno e pelo tenente Brito. <\/span><\/p>\n<p><span style=\"font-size: 14pt;\">Ao chegar ao local, os policiais perceberam que os moradores dispensaram no quintal vizinho uma sacola. Dentro dela estavam 11 embrulhos de maconha totalizando 219 gramas e um pote de \u00e1cido b\u00f3rico. <\/span><\/p>\n<p><span style=\"font-size: 14pt;\">J\u00e1 na resid\u00eancia foram encontrados 14 pinos de pl\u00e1stico vazios utilizados para acondicionar coca\u00edna, nove chips de telefonia m\u00f3vel, quatro aparelhos celulares, R$ 122,00, um dichavador para maconha e uma balan\u00e7a de precis\u00e3o digital. <\/span><\/p>\n<p><span style=\"font-size: 14pt;\">A a\u00e7\u00e3o resultou na deten\u00e7\u00e3o de L.F.S.R., de 18 anos, J.L.M., de 19 anos, M.P.S., de 26 anos, E.C.B., de 18 anos e dois menores de 15 e 17 anos. Todos foram conduzidos ao plant\u00e3o policial juntamente com o material apreendido. (fonte\/foto:PM).<\/span><\/p>\n<p><a href=\"http:\/\/www.portalmantena.com.br\/novo\/\"><img loading=\"lazy\" class=\"alignnone size-full wp-image-37331\" src=\"http:\/\/www.portalmantena.com.br\/novo\/wp-content\/uploads\/2018\/05\/faixaportalnoticias5.jpg\" alt=\"\" width=\"700\" height=\"40\" srcset=\"http:\/\/www.portalmantena.com.br\/novo\/wp-content\/uploads\/2018\/05\/faixaportalnoticias5.jpg 700w, http:\/\/www.portalmantena.com.br\/novo\/wp-content\/uploads\/2018\/05\/faixaportalnoticias5-300x17.jpg 300w, http:\/\/www.portalmantena.com.br\/novo\/wp-content\/uploads\/2018\/05\/faixaportalnoticias5-696x40.jpg 696w\" sizes=\"(max-width: 700px) 100vw, 700px\" \/><\/a><\/p>\n<p><span style=\"font-size: 10pt;\">ESPA\u00c7O EMPRESARIAL<\/span><a href=\"https:\/\/www.facebook.com\/lojaeletrocellcelulares\/\"><img loading=\"lazy\" class=\"alignnone size-full wp-image-37660\" src=\"http:\/\/www.portalmantena.com.br\/novo\/wp-content\/uploads\/2018\/05\/eletrocel1.jpg\" alt=\"\" width=\"700\" height=\"150\" srcset=\"http:\/\/www.portalmantena.com.br\/novo\/wp-content\/uploads\/2018\/05\/eletrocel1.jpg 700w, http:\/\/www.portalmantena.com.br\/novo\/wp-content\/uploads\/2018\/05\/eletrocel1-300x64.jpg 300w, http:\/\/www.portalmantena.com.br\/novo\/wp-content\/uploads\/2018\/05\/eletrocel1-696x150.jpg 696w\" sizes=\"(max-width: 700px) 100vw, 700px\" \/><\/a><\/p>\n","protected":false},"excerpt":{"rendered":"<p>Na tarde desta quinta-feira (14), policiais militares do 13\u00ba Batalh\u00e3o detiveram seis pessoas durante opera\u00e7\u00e3o conjunta realizada com a Pol\u00edcia Civil no bairro Marc\u00edlio Dias II, em Concei\u00e7\u00e3o da Barra. A opera\u00e7\u00e3o foi motivada pelo cumprimento de um Mandado de Busca e Apreens\u00e3o emitido pelo Poder Judici\u00e1rio e foi comandada pelo delegado Alisson Pereira Pequeno [&hellip;]<\/p>\n","protected":false},"author":1,"featured_media":43693,"comment_status":"open","ping_status":"open","sticky":false,"template":"","format":"standard","meta":[],"categories":[11,34],"tags":[],"_links":{"self":[{"href":"http:\/\/www.portalmantena.com.br\/novo\/index.php?rest_route=\/wp\/v2\/posts\/43692"}],"collection":[{"href":"http:\/\/www.portalmantena.com.br\/novo\/index.php?rest_route=\/wp\/v2\/posts"}],"about":[{"href":"http:\/\/www.portalmantena.com.br\/novo\/index.php?rest_route=\/wp\/v2\/types\/post"}],"author":[{"embeddable":true,"href":"http:\/\/www.portalmantena.com.br\/novo\/index.php?rest_route=\/wp\/v2\/users\/1"}],"replies":[{"embeddable":true,"href":"http:\/\/www.portalmantena.com.br\/novo\/index.php?rest_route=%2Fwp%2Fv2%2Fcomments&post=43692"}],"version-history":[{"count":1,"href":"http:\/\/www.portalmantena.com.br\/novo\/index.php?rest_route=\/wp\/v2\/posts\/43692\/revisions"}],"predecessor-version":[{"id":43694,"href":"http:\/\/www.portalmantena.com.br\/novo\/index.php?rest_route=\/wp\/v2\/posts\/43692\/revisions\/43694"}],"wp:featuredmedia":[{"embeddable":true,"href":"http:\/\/www.portalmantena.com.br\/novo\/index.php?rest_route=\/wp\/v2\/media\/43693"}],"wp:attachment":[{"href":"http:\/\/www.portalmantena.com.br\/novo\/index.php?rest_route=%2Fwp%2Fv2%2Fmedia&parent=43692"}],"wp:term":[{"taxonomy":"category","embeddable":true,"href":"http:\/\/www.portalmantena.com.br\/novo\/index.php?rest_route=%2Fwp%2Fv2%2Fcategories&post=43692"},{"taxonomy":"post_tag","embeddable":true,"href":"http:\/\/www.portalmantena.com.br\/novo\/index.php?rest_route=%2Fwp%2Fv2%2Ftags&post=43692"}],"curies":[{"name":"wp","href":"https:\/\/api.w.org\/{rel}","templated":true}]}}