{"id":43627,"date":"2019-02-14T10:42:32","date_gmt":"2019-02-14T12:42:32","guid":{"rendered":"http:\/\/www.portalmantena.com.br\/novo\/?p=43627"},"modified":"2019-02-14T15:02:45","modified_gmt":"2019-02-14T17:02:45","slug":"advogada-mantenense-comemorando-aniversario-parabens","status":"publish","type":"post","link":"http:\/\/www.portalmantena.com.br\/novo\/?p=43627","title":{"rendered":"Advogada mantenense comemorando anivers\u00e1rio, parab\u00e9ns"},"content":{"rendered":"<p><a href=\"http:\/\/www.portalmantena.com.br\/novo\/wp-content\/uploads\/2019\/02\/vi140219leandra.jpg\"><img loading=\"lazy\" class=\"alignnone size-full wp-image-43628\" src=\"http:\/\/www.portalmantena.com.br\/novo\/wp-content\/uploads\/2019\/02\/vi140219leandra.jpg\" alt=\"\" width=\"700\" height=\"450\" srcset=\"http:\/\/www.portalmantena.com.br\/novo\/wp-content\/uploads\/2019\/02\/vi140219leandra.jpg 700w, http:\/\/www.portalmantena.com.br\/novo\/wp-content\/uploads\/2019\/02\/vi140219leandra-300x193.jpg 300w, http:\/\/www.portalmantena.com.br\/novo\/wp-content\/uploads\/2019\/02\/vi140219leandra-696x447.jpg 696w, http:\/\/www.portalmantena.com.br\/novo\/wp-content\/uploads\/2019\/02\/vi140219leandra-653x420.jpg 653w\" sizes=\"(max-width: 700px) 100vw, 700px\" \/><\/a><\/p>\n<p><span style=\"font-size: 14pt;\">Quem comemora mais um ano de vida nesta quinta-feira dia 14 de Fevereiro, \u00e9 a competente e simp\u00e1tica advogada mantenense Leandra Oliveira. <\/span><\/p>\n<p><span style=\"font-size: 14pt;\">N\u00f3s da revista VITRINE, aproveitamos a oportunidade para desejar a ela muitos e muitos anos de vida, sa\u00fade, paz e sucesso em sua carreira. <\/span><\/p>\n<p><span style=\"font-size: 14pt;\">O nosso desejo \u00e9 que Deus esteja sempre protegendo sua vida como tamb\u00e9m de sua fam\u00edlia, parab\u00e9ns.<\/span><\/p>\n<p><a href=\"http:\/\/www.portalmantena.com.br\/novo\/\"><img loading=\"lazy\" class=\"alignnone size-full wp-image-37296\" src=\"http:\/\/www.portalmantena.com.br\/novo\/wp-content\/uploads\/2018\/05\/faixavitrine2.jpg\" alt=\"\" width=\"700\" height=\"40\" srcset=\"http:\/\/www.portalmantena.com.br\/novo\/wp-content\/uploads\/2018\/05\/faixavitrine2.jpg 700w, http:\/\/www.portalmantena.com.br\/novo\/wp-content\/uploads\/2018\/05\/faixavitrine2-300x17.jpg 300w, http:\/\/www.portalmantena.com.br\/novo\/wp-content\/uploads\/2018\/05\/faixavitrine2-696x40.jpg 696w\" sizes=\"(max-width: 700px) 100vw, 700px\" \/><\/a><\/p>\n<p><span style=\"font-size: 10pt;\">ESPA\u00c7O EMPRESARIAL<\/span><a href=\"https:\/\/www.facebook.com\/esteticistapatriciakarla?hc_ref=ARTRLla5NWzFR9As7pFhvjpUZM7NbqisWdJzWAYI0A3hB0_PPbvfdsWq2KrDLR_IF-8&amp;fref=nf\"><img loading=\"lazy\" class=\"alignnone size-full wp-image-34128\" src=\"http:\/\/www.portalmantena.com.br\/novo\/wp-content\/uploads\/2018\/05\/estetica010818.jpg\" alt=\"\" width=\"700\" height=\"150\" srcset=\"http:\/\/www.portalmantena.com.br\/novo\/wp-content\/uploads\/2018\/05\/estetica010818.jpg 700w, http:\/\/www.portalmantena.com.br\/novo\/wp-content\/uploads\/2018\/05\/estetica010818-300x64.jpg 300w, http:\/\/www.portalmantena.com.br\/novo\/wp-content\/uploads\/2018\/05\/estetica010818-696x150.jpg 696w\" sizes=\"(max-width: 700px) 100vw, 700px\" \/><\/a><\/p>\n","protected":false},"excerpt":{"rendered":"<p>Quem comemora mais um ano de vida nesta quinta-feira dia 14 de Fevereiro, \u00e9 a competente e simp\u00e1tica advogada mantenense Leandra Oliveira. N\u00f3s da revista VITRINE, aproveitamos a oportunidade para desejar a ela muitos e muitos anos de vida, sa\u00fade, paz e sucesso em sua carreira. O nosso desejo \u00e9 que Deus esteja sempre protegendo [&hellip;]<\/p>\n","protected":false},"author":1,"featured_media":43628,"comment_status":"open","ping_status":"open","sticky":false,"template":"","format":"standard","meta":[],"categories":[7],"tags":[],"_links":{"self":[{"href":"http:\/\/www.portalmantena.com.br\/novo\/index.php?rest_route=\/wp\/v2\/posts\/43627"}],"collection":[{"href":"http:\/\/www.portalmantena.com.br\/novo\/index.php?rest_route=\/wp\/v2\/posts"}],"about":[{"href":"http:\/\/www.portalmantena.com.br\/novo\/index.php?rest_route=\/wp\/v2\/types\/post"}],"author":[{"embeddable":true,"href":"http:\/\/www.portalmantena.com.br\/novo\/index.php?rest_route=\/wp\/v2\/users\/1"}],"replies":[{"embeddable":true,"href":"http:\/\/www.portalmantena.com.br\/novo\/index.php?rest_route=%2Fwp%2Fv2%2Fcomments&post=43627"}],"version-history":[{"count":1,"href":"http:\/\/www.portalmantena.com.br\/novo\/index.php?rest_route=\/wp\/v2\/posts\/43627\/revisions"}],"predecessor-version":[{"id":43629,"href":"http:\/\/www.portalmantena.com.br\/novo\/index.php?rest_route=\/wp\/v2\/posts\/43627\/revisions\/43629"}],"wp:featuredmedia":[{"embeddable":true,"href":"http:\/\/www.portalmantena.com.br\/novo\/index.php?rest_route=\/wp\/v2\/media\/43628"}],"wp:attachment":[{"href":"http:\/\/www.portalmantena.com.br\/novo\/index.php?rest_route=%2Fwp%2Fv2%2Fmedia&parent=43627"}],"wp:term":[{"taxonomy":"category","embeddable":true,"href":"http:\/\/www.portalmantena.com.br\/novo\/index.php?rest_route=%2Fwp%2Fv2%2Fcategories&post=43627"},{"taxonomy":"post_tag","embeddable":true,"href":"http:\/\/www.portalmantena.com.br\/novo\/index.php?rest_route=%2Fwp%2Fv2%2Ftags&post=43627"}],"curies":[{"name":"wp","href":"https:\/\/api.w.org\/{rel}","templated":true}]}}