{"id":43609,"date":"2019-02-14T13:36:31","date_gmt":"2019-02-14T15:36:31","guid":{"rendered":"http:\/\/www.portalmantena.com.br\/novo\/?p=43609"},"modified":"2019-02-14T13:38:55","modified_gmt":"2019-02-14T15:38:55","slug":"medica-mantenense-fara-residencia-no-albert-einstein-em-sp","status":"publish","type":"post","link":"http:\/\/www.portalmantena.com.br\/novo\/?p=43609","title":{"rendered":"M\u00e9dica mantenense far\u00e1 resid\u00eancia no Albert Einstein em SP"},"content":{"rendered":"<p><a href=\"http:\/\/www.portalmantena.com.br\/novo\/wp-content\/uploads\/2019\/02\/vi140219maiara.jpg\"><img loading=\"lazy\" class=\"alignnone size-full wp-image-43610\" src=\"http:\/\/www.portalmantena.com.br\/novo\/wp-content\/uploads\/2019\/02\/vi140219maiara.jpg\" alt=\"\" width=\"700\" height=\"450\" srcset=\"http:\/\/www.portalmantena.com.br\/novo\/wp-content\/uploads\/2019\/02\/vi140219maiara.jpg 700w, http:\/\/www.portalmantena.com.br\/novo\/wp-content\/uploads\/2019\/02\/vi140219maiara-300x193.jpg 300w, http:\/\/www.portalmantena.com.br\/novo\/wp-content\/uploads\/2019\/02\/vi140219maiara-696x447.jpg 696w, http:\/\/www.portalmantena.com.br\/novo\/wp-content\/uploads\/2019\/02\/vi140219maiara-653x420.jpg 653w\" sizes=\"(max-width: 700px) 100vw, 700px\" \/><\/a><span style=\"font-size: 10pt;\">Na foto ao lado dos irm\u00e3os Ari Assis Jr. e M\u00e1rcia.<\/span><\/p>\n<p><span style=\"font-size: 14pt;\">Como \u00e9 bom valorizar a nossa terrinha, seja atrav\u00e9s de a\u00e7\u00f5es, ou mesmo pela atitude, participa\u00e7\u00e3o e o sucesso dos mantenenses pelo mundo. <\/span><\/p>\n<p><span style=\"font-size: 14pt;\">Na pr\u00f3xima semana, uma m\u00e9dica, que nasceu em Mantena mas que desde muito novinha mudou-se para a Bahia, cresceu e se formou em Medicina nas bandas de Minas Gerais, e alcan\u00e7a agora v\u00f4os mais altos. <\/span><\/p>\n<p><span style=\"font-size: 14pt;\">Mayara Assis, atrav\u00e9s de seu esfor\u00e7o e capacidade foi uma das poucas m\u00e9dicas selecionadas para realizar sua Resid\u00eancia no CTI do Hospital Israelita Albert Einstein, em S\u00e3o Paulo, uma refer\u00eancia no continente.\u00a0<\/span><\/p>\n<p><span style=\"font-size: 14pt;\">Isso a far\u00e1 mudar-se da capital Mineira (BH) para a capital Paulista onde estar\u00e1 realiza\u00e7\u00e3o mais um de seus sonhos. Parab\u00e9ns Mayara, voc\u00ea \u00e9 motivo de orgulho para os familiares e amigos, e aproveitamos para lhe desejar todo sucesso, sa\u00fade e muitas felicidades, que o nosso Deus esteja sempre lhe protegendo. <\/span><\/p>\n<p><span style=\"font-size: 14pt;\">Na foto ao lado dos irm\u00e3os Ari Assis Jr. e M\u00e1rcia.<\/span><\/p>\n<p><a href=\"http:\/\/www.portalmantena.com.br\/novo\/\"><img loading=\"lazy\" class=\"alignnone size-full wp-image-37296\" src=\"http:\/\/www.portalmantena.com.br\/novo\/wp-content\/uploads\/2018\/05\/faixavitrine2.jpg\" alt=\"\" width=\"700\" height=\"40\" srcset=\"http:\/\/www.portalmantena.com.br\/novo\/wp-content\/uploads\/2018\/05\/faixavitrine2.jpg 700w, http:\/\/www.portalmantena.com.br\/novo\/wp-content\/uploads\/2018\/05\/faixavitrine2-300x17.jpg 300w, http:\/\/www.portalmantena.com.br\/novo\/wp-content\/uploads\/2018\/05\/faixavitrine2-696x40.jpg 696w\" sizes=\"(max-width: 700px) 100vw, 700px\" \/><\/a><\/p>\n<p><span style=\"font-size: 10pt;\">ESPA\u00c7O EMPRESARIAL<\/span><a href=\"https:\/\/www.facebook.com\/Tekol-Basic-1148561818529027\/\"><img loading=\"lazy\" class=\"alignnone size-full wp-image-42818\" src=\"http:\/\/www.portalmantena.com.br\/novo\/wp-content\/uploads\/2018\/05\/tekol210119.jpg\" alt=\"\" width=\"700\" height=\"150\" srcset=\"http:\/\/www.portalmantena.com.br\/novo\/wp-content\/uploads\/2018\/05\/tekol210119.jpg 700w, http:\/\/www.portalmantena.com.br\/novo\/wp-content\/uploads\/2018\/05\/tekol210119-300x64.jpg 300w, http:\/\/www.portalmantena.com.br\/novo\/wp-content\/uploads\/2018\/05\/tekol210119-696x150.jpg 696w\" sizes=\"(max-width: 700px) 100vw, 700px\" \/><\/a><\/p>\n","protected":false},"excerpt":{"rendered":"<p>Na foto ao lado dos irm\u00e3os Ari Assis Jr. e M\u00e1rcia. Como \u00e9 bom valorizar a nossa terrinha, seja atrav\u00e9s de a\u00e7\u00f5es, ou mesmo pela atitude, participa\u00e7\u00e3o e o sucesso dos mantenenses pelo mundo. Na pr\u00f3xima semana, uma m\u00e9dica, que nasceu em Mantena mas que desde muito novinha mudou-se para a Bahia, cresceu e se [&hellip;]<\/p>\n","protected":false},"author":1,"featured_media":43610,"comment_status":"open","ping_status":"open","sticky":false,"template":"","format":"standard","meta":[],"categories":[7],"tags":[],"_links":{"self":[{"href":"http:\/\/www.portalmantena.com.br\/novo\/index.php?rest_route=\/wp\/v2\/posts\/43609"}],"collection":[{"href":"http:\/\/www.portalmantena.com.br\/novo\/index.php?rest_route=\/wp\/v2\/posts"}],"about":[{"href":"http:\/\/www.portalmantena.com.br\/novo\/index.php?rest_route=\/wp\/v2\/types\/post"}],"author":[{"embeddable":true,"href":"http:\/\/www.portalmantena.com.br\/novo\/index.php?rest_route=\/wp\/v2\/users\/1"}],"replies":[{"embeddable":true,"href":"http:\/\/www.portalmantena.com.br\/novo\/index.php?rest_route=%2Fwp%2Fv2%2Fcomments&post=43609"}],"version-history":[{"count":2,"href":"http:\/\/www.portalmantena.com.br\/novo\/index.php?rest_route=\/wp\/v2\/posts\/43609\/revisions"}],"predecessor-version":[{"id":43612,"href":"http:\/\/www.portalmantena.com.br\/novo\/index.php?rest_route=\/wp\/v2\/posts\/43609\/revisions\/43612"}],"wp:featuredmedia":[{"embeddable":true,"href":"http:\/\/www.portalmantena.com.br\/novo\/index.php?rest_route=\/wp\/v2\/media\/43610"}],"wp:attachment":[{"href":"http:\/\/www.portalmantena.com.br\/novo\/index.php?rest_route=%2Fwp%2Fv2%2Fmedia&parent=43609"}],"wp:term":[{"taxonomy":"category","embeddable":true,"href":"http:\/\/www.portalmantena.com.br\/novo\/index.php?rest_route=%2Fwp%2Fv2%2Fcategories&post=43609"},{"taxonomy":"post_tag","embeddable":true,"href":"http:\/\/www.portalmantena.com.br\/novo\/index.php?rest_route=%2Fwp%2Fv2%2Ftags&post=43609"}],"curies":[{"name":"wp","href":"https:\/\/api.w.org\/{rel}","templated":true}]}}