{"id":43602,"date":"2019-02-14T08:45:04","date_gmt":"2019-02-14T10:45:04","guid":{"rendered":"http:\/\/www.portalmantena.com.br\/novo\/?p=43602"},"modified":"2019-02-14T08:45:04","modified_gmt":"2019-02-14T10:45:04","slug":"no-combate-a-caca-arma-e-municoes-sao-apreendidas-na-regiao","status":"publish","type":"post","link":"http:\/\/www.portalmantena.com.br\/novo\/?p=43602","title":{"rendered":"No Combate \u00e0 ca\u00e7a, arma e muni\u00e7\u00f5es s\u00e3o apreendidas na regi\u00e3o"},"content":{"rendered":"<p><a href=\"http:\/\/www.portalmantena.com.br\/novo\/wp-content\/uploads\/2019\/02\/no140219armas.jpg\"><img loading=\"lazy\" class=\"alignnone size-full wp-image-43603\" src=\"http:\/\/www.portalmantena.com.br\/novo\/wp-content\/uploads\/2019\/02\/no140219armas.jpg\" alt=\"\" width=\"700\" height=\"450\" srcset=\"http:\/\/www.portalmantena.com.br\/novo\/wp-content\/uploads\/2019\/02\/no140219armas.jpg 700w, http:\/\/www.portalmantena.com.br\/novo\/wp-content\/uploads\/2019\/02\/no140219armas-300x193.jpg 300w, http:\/\/www.portalmantena.com.br\/novo\/wp-content\/uploads\/2019\/02\/no140219armas-696x447.jpg 696w, http:\/\/www.portalmantena.com.br\/novo\/wp-content\/uploads\/2019\/02\/no140219armas-653x420.jpg 653w\" sizes=\"(max-width: 700px) 100vw, 700px\" \/><\/a><\/p>\n<p><span style=\"font-size: 14pt;\">Nesta ter\u00e7a-feira dia 12 de fevereiro, durante opera\u00e7\u00e3o em combate \u00e0 ca\u00e7a e captura de animais silvestres, os militares do 2\u00ba grupamento ambiental de Mantena de posse de informa\u00e7\u00f5es, que davam conta de que indiv\u00edduos estariam realizando a pr\u00e1tica de ca\u00e7a predat\u00f3ria na Zona Rural do Munic\u00edpio de S\u00e3o F\u00e9lix de Minas, a guarni\u00e7\u00e3o se deslocou at\u00e9 o C\u00f3rrego Brej\u00e3o, em S\u00e3o F\u00e9lix de Minas. <\/span><\/p>\n<p><span style=\"font-size: 14pt;\">Chegando \u00e0 resid\u00eancia do autor, os policiais foram recebidos pela sua esposa, a qual, ao tomar conhecimento do teor da den\u00fancia, informou que em sua resid\u00eancia havia uma espingarda polveira e algumas muni\u00e7\u00f5es. <\/span><\/p>\n<p><span style=\"font-size: 14pt;\">Segundo informa\u00e7\u00f5es, o material estaria no interior da propriedade e que seriam uma heran\u00e7a deixada pelo pai de seu marido. Sendo assim, os policiais tiveram acesso ao interior do im\u00f3vel onde foi encontrada uma espingarda polveira de fabrica\u00e7\u00e3o artesanal. <\/span><\/p>\n<p><span style=\"font-size: 14pt;\">Ao sa\u00edrem da resid\u00eancia, os militares realizaram uma vistoria no interior de uma \u201ctulha\u201d, pr\u00f3xima \u00e0 casa onde foi localizado um embornal, o qual acondicionava os seguintes objetos: 02 (dois) recipientes contendo espoleta; 02 (dois) contendo p\u00f3lvora; 01 (um) contendo chumbo; 02 (dois) apitos &#8220;PIU&#8221; utilizados para a pr\u00e1tica de ca\u00e7a; 05 (cinco) cartuchos calibre 36; 49 (quarenta e nove) cartuchos calibre 22, dentre os quais, 02 (dois) se encontravam picotados. <\/span><\/p>\n<p><span style=\"font-size: 14pt;\">De acordo com a pol\u00edcia militar, diante dos fatos, por contrariar a legisla\u00e7\u00e3o em vigor, a arma e os demais materiais e cartuchos foram apreendidos e encaminhados \u00e0 delegacia de plant\u00e3o. <\/span><\/p>\n<p><span style=\"font-size: 14pt;\">Quanto ao autor, mesmo ap\u00f3s intenso rastreamento, n\u00e3o foi localizado. (fonte\/foto:PM).<\/span><\/p>\n<p><a href=\"http:\/\/www.portalmantena.com.br\/novo\/wp-content\/uploads\/2019\/02\/no140219armas2.jpg\"><img loading=\"lazy\" class=\"alignnone size-full wp-image-43604\" src=\"http:\/\/www.portalmantena.com.br\/novo\/wp-content\/uploads\/2019\/02\/no140219armas2.jpg\" alt=\"\" width=\"700\" height=\"450\" srcset=\"http:\/\/www.portalmantena.com.br\/novo\/wp-content\/uploads\/2019\/02\/no140219armas2.jpg 700w, http:\/\/www.portalmantena.com.br\/novo\/wp-content\/uploads\/2019\/02\/no140219armas2-300x193.jpg 300w, http:\/\/www.portalmantena.com.br\/novo\/wp-content\/uploads\/2019\/02\/no140219armas2-696x447.jpg 696w, http:\/\/www.portalmantena.com.br\/novo\/wp-content\/uploads\/2019\/02\/no140219armas2-653x420.jpg 653w\" sizes=\"(max-width: 700px) 100vw, 700px\" \/><\/a><a href=\"http:\/\/www.portalmantena.com.br\/novo\/wp-content\/uploads\/2019\/02\/no140219armas4.jpg\"><img loading=\"lazy\" class=\"alignnone size-full wp-image-43606\" src=\"http:\/\/www.portalmantena.com.br\/novo\/wp-content\/uploads\/2019\/02\/no140219armas4.jpg\" alt=\"\" width=\"700\" height=\"450\" srcset=\"http:\/\/www.portalmantena.com.br\/novo\/wp-content\/uploads\/2019\/02\/no140219armas4.jpg 700w, http:\/\/www.portalmantena.com.br\/novo\/wp-content\/uploads\/2019\/02\/no140219armas4-300x193.jpg 300w, http:\/\/www.portalmantena.com.br\/novo\/wp-content\/uploads\/2019\/02\/no140219armas4-696x447.jpg 696w, http:\/\/www.portalmantena.com.br\/novo\/wp-content\/uploads\/2019\/02\/no140219armas4-653x420.jpg 653w\" sizes=\"(max-width: 700px) 100vw, 700px\" \/><\/a><\/p>\n<p><a href=\"http:\/\/www.portalmantena.com.br\/novo\/\"><img loading=\"lazy\" class=\"alignnone size-full wp-image-37331\" src=\"http:\/\/www.portalmantena.com.br\/novo\/wp-content\/uploads\/2018\/05\/faixaportalnoticias5.jpg\" alt=\"\" width=\"700\" height=\"40\" srcset=\"http:\/\/www.portalmantena.com.br\/novo\/wp-content\/uploads\/2018\/05\/faixaportalnoticias5.jpg 700w, http:\/\/www.portalmantena.com.br\/novo\/wp-content\/uploads\/2018\/05\/faixaportalnoticias5-300x17.jpg 300w, http:\/\/www.portalmantena.com.br\/novo\/wp-content\/uploads\/2018\/05\/faixaportalnoticias5-696x40.jpg 696w\" sizes=\"(max-width: 700px) 100vw, 700px\" \/><\/a><\/p>\n<p><span style=\"font-size: 10pt;\">ESPA\u00c7O EMPRESARIAL<\/span><a href=\"https:\/\/www.facebook.com\/profile.php?id=100004934627949&amp;fref=ts\"><img loading=\"lazy\" class=\"alignnone size-full wp-image-36918\" src=\"http:\/\/www.portalmantena.com.br\/novo\/wp-content\/uploads\/2018\/05\/printcolor120918banner.jpg\" alt=\"\" width=\"700\" height=\"150\" srcset=\"http:\/\/www.portalmantena.com.br\/novo\/wp-content\/uploads\/2018\/05\/printcolor120918banner.jpg 700w, http:\/\/www.portalmantena.com.br\/novo\/wp-content\/uploads\/2018\/05\/printcolor120918banner-300x64.jpg 300w, http:\/\/www.portalmantena.com.br\/novo\/wp-content\/uploads\/2018\/05\/printcolor120918banner-696x150.jpg 696w\" sizes=\"(max-width: 700px) 100vw, 700px\" \/><\/a><\/p>\n","protected":false},"excerpt":{"rendered":"<p>Nesta ter\u00e7a-feira dia 12 de fevereiro, durante opera\u00e7\u00e3o em combate \u00e0 ca\u00e7a e captura de animais silvestres, os militares do 2\u00ba grupamento ambiental de Mantena de posse de informa\u00e7\u00f5es, que davam conta de que indiv\u00edduos estariam realizando a pr\u00e1tica de ca\u00e7a predat\u00f3ria na Zona Rural do Munic\u00edpio de S\u00e3o F\u00e9lix de Minas, a guarni\u00e7\u00e3o se [&hellip;]<\/p>\n","protected":false},"author":1,"featured_media":43604,"comment_status":"open","ping_status":"open","sticky":false,"template":"","format":"standard","meta":[],"categories":[12,34],"tags":[],"_links":{"self":[{"href":"http:\/\/www.portalmantena.com.br\/novo\/index.php?rest_route=\/wp\/v2\/posts\/43602"}],"collection":[{"href":"http:\/\/www.portalmantena.com.br\/novo\/index.php?rest_route=\/wp\/v2\/posts"}],"about":[{"href":"http:\/\/www.portalmantena.com.br\/novo\/index.php?rest_route=\/wp\/v2\/types\/post"}],"author":[{"embeddable":true,"href":"http:\/\/www.portalmantena.com.br\/novo\/index.php?rest_route=\/wp\/v2\/users\/1"}],"replies":[{"embeddable":true,"href":"http:\/\/www.portalmantena.com.br\/novo\/index.php?rest_route=%2Fwp%2Fv2%2Fcomments&post=43602"}],"version-history":[{"count":1,"href":"http:\/\/www.portalmantena.com.br\/novo\/index.php?rest_route=\/wp\/v2\/posts\/43602\/revisions"}],"predecessor-version":[{"id":43608,"href":"http:\/\/www.portalmantena.com.br\/novo\/index.php?rest_route=\/wp\/v2\/posts\/43602\/revisions\/43608"}],"wp:featuredmedia":[{"embeddable":true,"href":"http:\/\/www.portalmantena.com.br\/novo\/index.php?rest_route=\/wp\/v2\/media\/43604"}],"wp:attachment":[{"href":"http:\/\/www.portalmantena.com.br\/novo\/index.php?rest_route=%2Fwp%2Fv2%2Fmedia&parent=43602"}],"wp:term":[{"taxonomy":"category","embeddable":true,"href":"http:\/\/www.portalmantena.com.br\/novo\/index.php?rest_route=%2Fwp%2Fv2%2Fcategories&post=43602"},{"taxonomy":"post_tag","embeddable":true,"href":"http:\/\/www.portalmantena.com.br\/novo\/index.php?rest_route=%2Fwp%2Fv2%2Ftags&post=43602"}],"curies":[{"name":"wp","href":"https:\/\/api.w.org\/{rel}","templated":true}]}}