{"id":43586,"date":"2019-02-13T13:28:08","date_gmt":"2019-02-13T15:28:08","guid":{"rendered":"http:\/\/www.portalmantena.com.br\/novo\/?p=43586"},"modified":"2019-02-14T14:28:11","modified_gmt":"2019-02-14T16:28:11","slug":"autores-de-roubos-em-nazario-e-rio-preto-sao-presos-pelas-pms","status":"publish","type":"post","link":"http:\/\/www.portalmantena.com.br\/novo\/?p=43586","title":{"rendered":"PMs prendem autores de Roubos em Naz\u00e1rio e Rio Preto"},"content":{"rendered":"<p><a href=\"http:\/\/www.portalmantena.com.br\/novo\/wp-content\/uploads\/2019\/02\/no130219nazario.jpg\"><img loading=\"lazy\" class=\"alignnone size-full wp-image-43587\" src=\"http:\/\/www.portalmantena.com.br\/novo\/wp-content\/uploads\/2019\/02\/no130219nazario.jpg\" alt=\"\" width=\"700\" height=\"450\" srcset=\"http:\/\/www.portalmantena.com.br\/novo\/wp-content\/uploads\/2019\/02\/no130219nazario.jpg 700w, http:\/\/www.portalmantena.com.br\/novo\/wp-content\/uploads\/2019\/02\/no130219nazario-300x193.jpg 300w, http:\/\/www.portalmantena.com.br\/novo\/wp-content\/uploads\/2019\/02\/no130219nazario-696x447.jpg 696w, http:\/\/www.portalmantena.com.br\/novo\/wp-content\/uploads\/2019\/02\/no130219nazario-653x420.jpg 653w\" sizes=\"(max-width: 700px) 100vw, 700px\" \/><\/a><\/p>\n<p><span style=\"font-size: 14pt;\">Por volta das 19 horas desta ter\u00e7a-feira dia 12 de fevereiro, policiais militares da 18\u00aa cia PM ind. de Mantena, foram informados de que dois indiv\u00edduos em uma motocicleta honda Bros de cor preta, portando armas de fogo, teriam acabado de roubar uma motocicleta honda bros vermelha e tr\u00eas celulares smarthones de tr\u00eas v\u00edtimas no povoado do Naz\u00e1rio, munic\u00edpio de Mantena. <\/span><\/p>\n<p><span style=\"font-size: 14pt;\">Em seguida, os elementos fugiram, tomando como rumo o povoado de Cafel\u00e2ndia, no estado vizinho do Esp\u00edrito Santo. <\/span><\/p>\n<p><span style=\"font-size: 14pt;\">Os policiais de Mantena fizeram ent\u00e3o contato com a PM capixaba, e de forma integrada foram realizados cerco e bloqueio nas estradas da regi\u00e3o. <\/span><\/p>\n<p><span style=\"font-size: 14pt;\">Uma a\u00e7\u00e3o r\u00e1pida que resultou na pris\u00e3o dos elementos no munic\u00edpio de Barra de S\u00e3o Francisco, onde os mesmos elementos que fizeram o roubo em Naz\u00e1rio, acabavam de praticar um outro roubo a m\u00e3o armada no distrito de Rio Preto. <\/span><\/p>\n<p><span style=\"font-size: 14pt;\">Foram presos dois autores portando duas armas de fogo municiadas. <\/span><\/p>\n<p><span style=\"font-size: 14pt;\">Foram recuperados os tr\u00eas celulares, a motocicleta e objetos que haviam sido roubados em Rio Preto. Um resultado positivo na a\u00e7\u00e3o r\u00e1pida dos policiais militares de Mantena e Barra de S\u00e3o Francisco, proporcionando tranquilidade para o cidad\u00e3o de bem na regi\u00e3o. (fonte\/fotos:PM).<\/span><\/p>\n<p><a href=\"http:\/\/www.portalmantena.com.br\/novo\/\"><img loading=\"lazy\" class=\"alignnone size-full wp-image-37331\" src=\"http:\/\/www.portalmantena.com.br\/novo\/wp-content\/uploads\/2018\/05\/faixaportalnoticias5.jpg\" alt=\"\" width=\"700\" height=\"40\" srcset=\"http:\/\/www.portalmantena.com.br\/novo\/wp-content\/uploads\/2018\/05\/faixaportalnoticias5.jpg 700w, http:\/\/www.portalmantena.com.br\/novo\/wp-content\/uploads\/2018\/05\/faixaportalnoticias5-300x17.jpg 300w, http:\/\/www.portalmantena.com.br\/novo\/wp-content\/uploads\/2018\/05\/faixaportalnoticias5-696x40.jpg 696w\" sizes=\"(max-width: 700px) 100vw, 700px\" \/><\/a><\/p>\n<p><span style=\"font-size: 10pt;\">ESPA\u00c7O EMPRESARIAL<\/span><a href=\"https:\/\/www.facebook.com\/profile.php?id=100004934627949&amp;fref=ts\"><img loading=\"lazy\" class=\"alignnone size-full wp-image-36918\" src=\"http:\/\/www.portalmantena.com.br\/novo\/wp-content\/uploads\/2018\/05\/printcolor120918banner.jpg\" alt=\"\" width=\"700\" height=\"150\" srcset=\"http:\/\/www.portalmantena.com.br\/novo\/wp-content\/uploads\/2018\/05\/printcolor120918banner.jpg 700w, http:\/\/www.portalmantena.com.br\/novo\/wp-content\/uploads\/2018\/05\/printcolor120918banner-300x64.jpg 300w, http:\/\/www.portalmantena.com.br\/novo\/wp-content\/uploads\/2018\/05\/printcolor120918banner-696x150.jpg 696w\" sizes=\"(max-width: 700px) 100vw, 700px\" \/><\/a><\/p>\n","protected":false},"excerpt":{"rendered":"<p>Por volta das 19 horas desta ter\u00e7a-feira dia 12 de fevereiro, policiais militares da 18\u00aa cia PM ind. de Mantena, foram informados de que dois indiv\u00edduos em uma motocicleta honda Bros de cor preta, portando armas de fogo, teriam acabado de roubar uma motocicleta honda bros vermelha e tr\u00eas celulares smarthones de tr\u00eas v\u00edtimas no [&hellip;]<\/p>\n","protected":false},"author":1,"featured_media":43587,"comment_status":"open","ping_status":"open","sticky":false,"template":"","format":"standard","meta":[],"categories":[11,34],"tags":[],"_links":{"self":[{"href":"http:\/\/www.portalmantena.com.br\/novo\/index.php?rest_route=\/wp\/v2\/posts\/43586"}],"collection":[{"href":"http:\/\/www.portalmantena.com.br\/novo\/index.php?rest_route=\/wp\/v2\/posts"}],"about":[{"href":"http:\/\/www.portalmantena.com.br\/novo\/index.php?rest_route=\/wp\/v2\/types\/post"}],"author":[{"embeddable":true,"href":"http:\/\/www.portalmantena.com.br\/novo\/index.php?rest_route=\/wp\/v2\/users\/1"}],"replies":[{"embeddable":true,"href":"http:\/\/www.portalmantena.com.br\/novo\/index.php?rest_route=%2Fwp%2Fv2%2Fcomments&post=43586"}],"version-history":[{"count":4,"href":"http:\/\/www.portalmantena.com.br\/novo\/index.php?rest_route=\/wp\/v2\/posts\/43586\/revisions"}],"predecessor-version":[{"id":43593,"href":"http:\/\/www.portalmantena.com.br\/novo\/index.php?rest_route=\/wp\/v2\/posts\/43586\/revisions\/43593"}],"wp:featuredmedia":[{"embeddable":true,"href":"http:\/\/www.portalmantena.com.br\/novo\/index.php?rest_route=\/wp\/v2\/media\/43587"}],"wp:attachment":[{"href":"http:\/\/www.portalmantena.com.br\/novo\/index.php?rest_route=%2Fwp%2Fv2%2Fmedia&parent=43586"}],"wp:term":[{"taxonomy":"category","embeddable":true,"href":"http:\/\/www.portalmantena.com.br\/novo\/index.php?rest_route=%2Fwp%2Fv2%2Fcategories&post=43586"},{"taxonomy":"post_tag","embeddable":true,"href":"http:\/\/www.portalmantena.com.br\/novo\/index.php?rest_route=%2Fwp%2Fv2%2Ftags&post=43586"}],"curies":[{"name":"wp","href":"https:\/\/api.w.org\/{rel}","templated":true}]}}