{"id":43557,"date":"2019-02-13T08:32:25","date_gmt":"2019-02-13T10:32:25","guid":{"rendered":"http:\/\/www.portalmantena.com.br\/novo\/?p=43557"},"modified":"2019-02-13T08:32:25","modified_gmt":"2019-02-13T10:32:25","slug":"empresario-mantenense-inicia-producao-de-sua-propria-energia","status":"publish","type":"post","link":"http:\/\/www.portalmantena.com.br\/novo\/?p=43557","title":{"rendered":"Empres\u00e1rio mantenense inicia produ\u00e7\u00e3o de sua pr\u00f3pria energia"},"content":{"rendered":"<p><a href=\"http:\/\/www.portalmantena.com.br\/novo\/wp-content\/uploads\/2019\/02\/no130219solar2.jpg\"><img loading=\"lazy\" class=\"alignnone size-full wp-image-43559\" src=\"http:\/\/www.portalmantena.com.br\/novo\/wp-content\/uploads\/2019\/02\/no130219solar2.jpg\" alt=\"\" width=\"700\" height=\"450\" srcset=\"http:\/\/www.portalmantena.com.br\/novo\/wp-content\/uploads\/2019\/02\/no130219solar2.jpg 700w, http:\/\/www.portalmantena.com.br\/novo\/wp-content\/uploads\/2019\/02\/no130219solar2-300x193.jpg 300w, http:\/\/www.portalmantena.com.br\/novo\/wp-content\/uploads\/2019\/02\/no130219solar2-696x447.jpg 696w, http:\/\/www.portalmantena.com.br\/novo\/wp-content\/uploads\/2019\/02\/no130219solar2-653x420.jpg 653w\" sizes=\"(max-width: 700px) 100vw, 700px\" \/><\/a><\/p>\n<p><span style=\"font-size: 14pt;\">Os mantenenses vem a cada dia buscando mais informa\u00e7\u00f5es sobre como economizar no gasto mensal de energia el\u00e9trica, e uma das formas que vem atraindo a cada dia mais consumidores, \u00e9 a energia limpa, a energia solar que a empresa Tempo Solar est\u00e1 propondo aos consumidores mantenenses bem como da regi\u00e3o. <\/span><\/p>\n<p><span style=\"font-size: 14pt;\">Nos \u00faltimos dias, mais um destes consumidores passou a produzir sua pr\u00f3pria energia, realizando uma economia de em m\u00e9dia R$ 600 reais mensais. <\/span><\/p>\n<p><span style=\"font-size: 14pt;\">Trata-se do Sr. Jair, do Restaurante Alvorada em Mantena, ele investiu em um sistema de gera\u00e7\u00e3o de energia que far\u00e1 a cobertura da conta de energia el\u00e9trica de sua casa e seu ponto comercial. <\/span><\/p>\n<p><span style=\"font-size: 14pt;\">Voc\u00ea que est\u00e1 interessado nesta nova op\u00e7\u00e3o de produzir sua pr\u00f3pria energia, fa\u00e7a contato com a empresa Tempo Solar em Mantena, pe\u00e7a um or\u00e7amento sem compromisso com o representante\u00a0<strong>Emerson Alves, atrav\u00e9s do telefone: (33) 9 8864-0218 (Whatsapp)<\/strong>.<\/span><\/p>\n<p><a href=\"http:\/\/www.portalmantena.com.br\/novo\/wp-content\/uploads\/2019\/02\/no130219solar1.jpg\"><img loading=\"lazy\" class=\"alignnone size-full wp-image-43558\" src=\"http:\/\/www.portalmantena.com.br\/novo\/wp-content\/uploads\/2019\/02\/no130219solar1.jpg\" alt=\"\" width=\"700\" height=\"450\" srcset=\"http:\/\/www.portalmantena.com.br\/novo\/wp-content\/uploads\/2019\/02\/no130219solar1.jpg 700w, http:\/\/www.portalmantena.com.br\/novo\/wp-content\/uploads\/2019\/02\/no130219solar1-300x193.jpg 300w, http:\/\/www.portalmantena.com.br\/novo\/wp-content\/uploads\/2019\/02\/no130219solar1-696x447.jpg 696w, http:\/\/www.portalmantena.com.br\/novo\/wp-content\/uploads\/2019\/02\/no130219solar1-653x420.jpg 653w\" sizes=\"(max-width: 700px) 100vw, 700px\" \/><\/a><a href=\"http:\/\/www.portalmantena.com.br\/novo\/\"><img loading=\"lazy\" class=\"alignnone size-full wp-image-37331\" src=\"http:\/\/www.portalmantena.com.br\/novo\/wp-content\/uploads\/2018\/05\/faixaportalnoticias5.jpg\" alt=\"\" width=\"700\" height=\"40\" srcset=\"http:\/\/www.portalmantena.com.br\/novo\/wp-content\/uploads\/2018\/05\/faixaportalnoticias5.jpg 700w, http:\/\/www.portalmantena.com.br\/novo\/wp-content\/uploads\/2018\/05\/faixaportalnoticias5-300x17.jpg 300w, http:\/\/www.portalmantena.com.br\/novo\/wp-content\/uploads\/2018\/05\/faixaportalnoticias5-696x40.jpg 696w\" sizes=\"(max-width: 700px) 100vw, 700px\" \/><\/a><\/p>\n<p><span style=\"font-size: 10pt;\">ESPA\u00c7O EMPRESARIAL<\/span><img src=\"http:\/\/www.portalmantena.com.br\/novo\/wp-content\/uploads\/2018\/03\/temposolar1.jpg\" \/><\/p>\n","protected":false},"excerpt":{"rendered":"<p>Os mantenenses vem a cada dia buscando mais informa\u00e7\u00f5es sobre como economizar no gasto mensal de energia el\u00e9trica, e uma das formas que vem atraindo a cada dia mais consumidores, \u00e9 a energia limpa, a energia solar que a empresa Tempo Solar est\u00e1 propondo aos consumidores mantenenses bem como da regi\u00e3o. Nos \u00faltimos dias, mais [&hellip;]<\/p>\n","protected":false},"author":1,"featured_media":43559,"comment_status":"open","ping_status":"open","sticky":false,"template":"","format":"standard","meta":[],"categories":[36,11],"tags":[],"_links":{"self":[{"href":"http:\/\/www.portalmantena.com.br\/novo\/index.php?rest_route=\/wp\/v2\/posts\/43557"}],"collection":[{"href":"http:\/\/www.portalmantena.com.br\/novo\/index.php?rest_route=\/wp\/v2\/posts"}],"about":[{"href":"http:\/\/www.portalmantena.com.br\/novo\/index.php?rest_route=\/wp\/v2\/types\/post"}],"author":[{"embeddable":true,"href":"http:\/\/www.portalmantena.com.br\/novo\/index.php?rest_route=\/wp\/v2\/users\/1"}],"replies":[{"embeddable":true,"href":"http:\/\/www.portalmantena.com.br\/novo\/index.php?rest_route=%2Fwp%2Fv2%2Fcomments&post=43557"}],"version-history":[{"count":1,"href":"http:\/\/www.portalmantena.com.br\/novo\/index.php?rest_route=\/wp\/v2\/posts\/43557\/revisions"}],"predecessor-version":[{"id":43560,"href":"http:\/\/www.portalmantena.com.br\/novo\/index.php?rest_route=\/wp\/v2\/posts\/43557\/revisions\/43560"}],"wp:featuredmedia":[{"embeddable":true,"href":"http:\/\/www.portalmantena.com.br\/novo\/index.php?rest_route=\/wp\/v2\/media\/43559"}],"wp:attachment":[{"href":"http:\/\/www.portalmantena.com.br\/novo\/index.php?rest_route=%2Fwp%2Fv2%2Fmedia&parent=43557"}],"wp:term":[{"taxonomy":"category","embeddable":true,"href":"http:\/\/www.portalmantena.com.br\/novo\/index.php?rest_route=%2Fwp%2Fv2%2Fcategories&post=43557"},{"taxonomy":"post_tag","embeddable":true,"href":"http:\/\/www.portalmantena.com.br\/novo\/index.php?rest_route=%2Fwp%2Fv2%2Ftags&post=43557"}],"curies":[{"name":"wp","href":"https:\/\/api.w.org\/{rel}","templated":true}]}}