{"id":43510,"date":"2019-02-12T19:48:19","date_gmt":"2019-02-12T21:48:19","guid":{"rendered":"http:\/\/www.portalmantena.com.br\/novo\/?p=43510"},"modified":"2019-02-12T10:49:46","modified_gmt":"2019-02-12T12:49:46","slug":"acustico-da-cidade-uma-novidade-do-radialista-wanderson-correia","status":"publish","type":"post","link":"http:\/\/www.portalmantena.com.br\/novo\/?p=43510","title":{"rendered":"\u201cAc\u00fastico da Cidade\u201d, uma novidade do radialista Wanderson Correia"},"content":{"rendered":"<p><a href=\"http:\/\/www.portalmantena.com.br\/novo\/wp-content\/uploads\/2019\/02\/vi120219acustico.jpg\"><img loading=\"lazy\" class=\"alignnone size-full wp-image-43511\" src=\"http:\/\/www.portalmantena.com.br\/novo\/wp-content\/uploads\/2019\/02\/vi120219acustico.jpg\" alt=\"\" width=\"700\" height=\"450\" srcset=\"http:\/\/www.portalmantena.com.br\/novo\/wp-content\/uploads\/2019\/02\/vi120219acustico.jpg 700w, http:\/\/www.portalmantena.com.br\/novo\/wp-content\/uploads\/2019\/02\/vi120219acustico-300x193.jpg 300w, http:\/\/www.portalmantena.com.br\/novo\/wp-content\/uploads\/2019\/02\/vi120219acustico-696x447.jpg 696w, http:\/\/www.portalmantena.com.br\/novo\/wp-content\/uploads\/2019\/02\/vi120219acustico-653x420.jpg 653w\" sizes=\"(max-width: 700px) 100vw, 700px\" \/><\/a><\/p>\n<p><span style=\"font-size: 14pt;\">Voc\u00ea que \u00e9 um admirador e f\u00e3 da boa m\u00fasica e que ainda n\u00e3o ouviu ou conhece o quadro \u201cAc\u00fastico da Cidade\u201d, n\u00e3o pode deixar e ouvir diariamente o programa Bom dia Cidade, comandado pelo nosso amigo, o radialista mantenense Wanderson Correia, todas as manh\u00e3s na R\u00e1dio Cidade FM 105,9 em Mantena. <\/span><\/p>\n<p><span style=\"font-size: 14pt;\">O quadro que foi uma das boas novidades em 2019, tr\u00e1s as belas can\u00e7\u00f5es, seja Nacional ou Internacional em sua vers\u00e3o Ac\u00fastica ou Ao Vivo. <\/span><\/p>\n<p><span style=\"font-size: 14pt;\">S\u00e3o as m\u00fasicas numa nova roupagem, valorizando ainda mais o talento e a ac\u00fastica das belas m\u00fasicas. N\u00e3o perca, todas as manh\u00e3s este quadro que j\u00e1 \u00e9 um sucesso, \u201cAc\u00fastico da Cidade\u201d.<\/span><\/p>\n<p><a href=\"http:\/\/www.portalmantena.com.br\/novo\/\"><img loading=\"lazy\" class=\"alignnone size-full wp-image-37296\" src=\"http:\/\/www.portalmantena.com.br\/novo\/wp-content\/uploads\/2018\/05\/faixavitrine2.jpg\" alt=\"\" width=\"700\" height=\"40\" srcset=\"http:\/\/www.portalmantena.com.br\/novo\/wp-content\/uploads\/2018\/05\/faixavitrine2.jpg 700w, http:\/\/www.portalmantena.com.br\/novo\/wp-content\/uploads\/2018\/05\/faixavitrine2-300x17.jpg 300w, http:\/\/www.portalmantena.com.br\/novo\/wp-content\/uploads\/2018\/05\/faixavitrine2-696x40.jpg 696w\" sizes=\"(max-width: 700px) 100vw, 700px\" \/><\/a><\/p>\n<p><span style=\"font-size: 10pt;\">ESPA\u00c7O EMPRESARIAL<\/span><a href=\"http:\/\/www.portalmantena.com.br\/novo\/?p=34494\"><img src=\"http:\/\/www.portalmantena.com.br\/novo\/wp-content\/uploads\/2018\/10\/universal151018.jpg\" \/><\/a><\/p>\n","protected":false},"excerpt":{"rendered":"<p>Voc\u00ea que \u00e9 um admirador e f\u00e3 da boa m\u00fasica e que ainda n\u00e3o ouviu ou conhece o quadro \u201cAc\u00fastico da Cidade\u201d, n\u00e3o pode deixar e ouvir diariamente o programa Bom dia Cidade, comandado pelo nosso amigo, o radialista mantenense Wanderson Correia, todas as manh\u00e3s na R\u00e1dio Cidade FM 105,9 em Mantena. O quadro que [&hellip;]<\/p>\n","protected":false},"author":1,"featured_media":43511,"comment_status":"open","ping_status":"open","sticky":false,"template":"","format":"standard","meta":[],"categories":[7],"tags":[],"_links":{"self":[{"href":"http:\/\/www.portalmantena.com.br\/novo\/index.php?rest_route=\/wp\/v2\/posts\/43510"}],"collection":[{"href":"http:\/\/www.portalmantena.com.br\/novo\/index.php?rest_route=\/wp\/v2\/posts"}],"about":[{"href":"http:\/\/www.portalmantena.com.br\/novo\/index.php?rest_route=\/wp\/v2\/types\/post"}],"author":[{"embeddable":true,"href":"http:\/\/www.portalmantena.com.br\/novo\/index.php?rest_route=\/wp\/v2\/users\/1"}],"replies":[{"embeddable":true,"href":"http:\/\/www.portalmantena.com.br\/novo\/index.php?rest_route=%2Fwp%2Fv2%2Fcomments&post=43510"}],"version-history":[{"count":1,"href":"http:\/\/www.portalmantena.com.br\/novo\/index.php?rest_route=\/wp\/v2\/posts\/43510\/revisions"}],"predecessor-version":[{"id":43512,"href":"http:\/\/www.portalmantena.com.br\/novo\/index.php?rest_route=\/wp\/v2\/posts\/43510\/revisions\/43512"}],"wp:featuredmedia":[{"embeddable":true,"href":"http:\/\/www.portalmantena.com.br\/novo\/index.php?rest_route=\/wp\/v2\/media\/43511"}],"wp:attachment":[{"href":"http:\/\/www.portalmantena.com.br\/novo\/index.php?rest_route=%2Fwp%2Fv2%2Fmedia&parent=43510"}],"wp:term":[{"taxonomy":"category","embeddable":true,"href":"http:\/\/www.portalmantena.com.br\/novo\/index.php?rest_route=%2Fwp%2Fv2%2Fcategories&post=43510"},{"taxonomy":"post_tag","embeddable":true,"href":"http:\/\/www.portalmantena.com.br\/novo\/index.php?rest_route=%2Fwp%2Fv2%2Ftags&post=43510"}],"curies":[{"name":"wp","href":"https:\/\/api.w.org\/{rel}","templated":true}]}}