{"id":43139,"date":"2019-01-29T22:40:03","date_gmt":"2019-01-30T00:40:03","guid":{"rendered":"http:\/\/www.portalmantena.com.br\/novo\/?p=43139"},"modified":"2019-01-30T08:49:52","modified_gmt":"2019-01-30T10:49:52","slug":"segue-busca-pelos-assaltantes-a-agencia-dos-correios-em-central","status":"publish","type":"post","link":"http:\/\/www.portalmantena.com.br\/novo\/?p=43139","title":{"rendered":"Segue busca pelos assaltantes \u00e0 ag\u00eancia dos Correios em Central"},"content":{"rendered":"<p><a href=\"http:\/\/www.portalmantena.com.br\/novo\/wp-content\/uploads\/2019\/01\/pm25-2.jpg\"><img loading=\"lazy\" class=\"alignnone size-full wp-image-43140\" src=\"http:\/\/www.portalmantena.com.br\/novo\/wp-content\/uploads\/2019\/01\/pm25-2.jpg\" alt=\"\" width=\"700\" height=\"450\" srcset=\"http:\/\/www.portalmantena.com.br\/novo\/wp-content\/uploads\/2019\/01\/pm25-2.jpg 700w, http:\/\/www.portalmantena.com.br\/novo\/wp-content\/uploads\/2019\/01\/pm25-2-300x193.jpg 300w, http:\/\/www.portalmantena.com.br\/novo\/wp-content\/uploads\/2019\/01\/pm25-2-696x447.jpg 696w, http:\/\/www.portalmantena.com.br\/novo\/wp-content\/uploads\/2019\/01\/pm25-2-653x420.jpg 653w\" sizes=\"(max-width: 700px) 100vw, 700px\" \/><\/a><\/p>\n<p><span style=\"font-size: 14pt;\">Mais uma ag\u00eancia dos Correios \u00e9 v\u00edtima de assalto na regi\u00e3o do leste de Minas. O fato aconteceu na cidade de Central de Minas nesta segunda-feira dia 28 de Janeiro, e deixou os centralenses novamente surpresos e temerosos. <\/span><\/p>\n<p><span style=\"font-size: 14pt;\">Segundo informa\u00e7\u00f5es, a a\u00e7\u00e3o foi executada por quatro elementos armados com pistolas, em um v\u00eddeo que est\u00e1 sendo analisado, eles chegaram \u00e0 p\u00e9 e anunciaram o assalto, levando valores que n\u00e3o se tem informa\u00e7\u00e3o precisa. <\/span><\/p>\n<p><span style=\"font-size: 14pt;\">Clientes e funcion\u00e1rios da ag\u00eancia foram tamb\u00e9m rendidos por\u00e9m n\u00e3o se sabe ainda se tiveram seus pertences levados. Na sequencia os marginais fugiram utilizando um ve\u00edculo que estava estacionado pr\u00f3ximo \u00e0 ag\u00eancia. At\u00e9 o momento ningu\u00e9m foi preso.<\/span><\/p>\n<p><a href=\"http:\/\/www.portalmantena.com.br\/novo\/\"><img loading=\"lazy\" class=\"alignnone size-full wp-image-37331\" src=\"http:\/\/www.portalmantena.com.br\/novo\/wp-content\/uploads\/2018\/05\/faixaportalnoticias5.jpg\" alt=\"\" width=\"700\" height=\"40\" srcset=\"http:\/\/www.portalmantena.com.br\/novo\/wp-content\/uploads\/2018\/05\/faixaportalnoticias5.jpg 700w, http:\/\/www.portalmantena.com.br\/novo\/wp-content\/uploads\/2018\/05\/faixaportalnoticias5-300x17.jpg 300w, http:\/\/www.portalmantena.com.br\/novo\/wp-content\/uploads\/2018\/05\/faixaportalnoticias5-696x40.jpg 696w\" sizes=\"(max-width: 700px) 100vw, 700px\" \/><\/a><\/p>\n<p><span style=\"font-size: 10pt;\">ESPA\u00c7O EMPRESARIAL<\/span><a href=\"https:\/\/www.facebook.com\/profile.php?id=100004934627949&amp;fref=ts\"><img loading=\"lazy\" class=\"alignnone size-full wp-image-36918\" src=\"http:\/\/www.portalmantena.com.br\/novo\/wp-content\/uploads\/2018\/05\/printcolor120918banner.jpg\" alt=\"\" width=\"700\" height=\"150\" srcset=\"http:\/\/www.portalmantena.com.br\/novo\/wp-content\/uploads\/2018\/05\/printcolor120918banner.jpg 700w, http:\/\/www.portalmantena.com.br\/novo\/wp-content\/uploads\/2018\/05\/printcolor120918banner-300x64.jpg 300w, http:\/\/www.portalmantena.com.br\/novo\/wp-content\/uploads\/2018\/05\/printcolor120918banner-696x150.jpg 696w\" sizes=\"(max-width: 700px) 100vw, 700px\" \/><\/a><\/p>\n","protected":false},"excerpt":{"rendered":"<p>Mais uma ag\u00eancia dos Correios \u00e9 v\u00edtima de assalto na regi\u00e3o do leste de Minas. O fato aconteceu na cidade de Central de Minas nesta segunda-feira dia 28 de Janeiro, e deixou os centralenses novamente surpresos e temerosos. Segundo informa\u00e7\u00f5es, a a\u00e7\u00e3o foi executada por quatro elementos armados com pistolas, em um v\u00eddeo que est\u00e1 [&hellip;]<\/p>\n","protected":false},"author":1,"featured_media":43140,"comment_status":"open","ping_status":"open","sticky":false,"template":"","format":"standard","meta":[],"categories":[11,34],"tags":[],"_links":{"self":[{"href":"http:\/\/www.portalmantena.com.br\/novo\/index.php?rest_route=\/wp\/v2\/posts\/43139"}],"collection":[{"href":"http:\/\/www.portalmantena.com.br\/novo\/index.php?rest_route=\/wp\/v2\/posts"}],"about":[{"href":"http:\/\/www.portalmantena.com.br\/novo\/index.php?rest_route=\/wp\/v2\/types\/post"}],"author":[{"embeddable":true,"href":"http:\/\/www.portalmantena.com.br\/novo\/index.php?rest_route=\/wp\/v2\/users\/1"}],"replies":[{"embeddable":true,"href":"http:\/\/www.portalmantena.com.br\/novo\/index.php?rest_route=%2Fwp%2Fv2%2Fcomments&post=43139"}],"version-history":[{"count":1,"href":"http:\/\/www.portalmantena.com.br\/novo\/index.php?rest_route=\/wp\/v2\/posts\/43139\/revisions"}],"predecessor-version":[{"id":43141,"href":"http:\/\/www.portalmantena.com.br\/novo\/index.php?rest_route=\/wp\/v2\/posts\/43139\/revisions\/43141"}],"wp:featuredmedia":[{"embeddable":true,"href":"http:\/\/www.portalmantena.com.br\/novo\/index.php?rest_route=\/wp\/v2\/media\/43140"}],"wp:attachment":[{"href":"http:\/\/www.portalmantena.com.br\/novo\/index.php?rest_route=%2Fwp%2Fv2%2Fmedia&parent=43139"}],"wp:term":[{"taxonomy":"category","embeddable":true,"href":"http:\/\/www.portalmantena.com.br\/novo\/index.php?rest_route=%2Fwp%2Fv2%2Fcategories&post=43139"},{"taxonomy":"post_tag","embeddable":true,"href":"http:\/\/www.portalmantena.com.br\/novo\/index.php?rest_route=%2Fwp%2Fv2%2Ftags&post=43139"}],"curies":[{"name":"wp","href":"https:\/\/api.w.org\/{rel}","templated":true}]}}